{"id":10170,"date":"2025-04-01T07:34:45","date_gmt":"2025-04-01T05:34:45","guid":{"rendered":"https:\/\/www.marktplatz-hsw.de\/?p=10170"},"modified":"2025-03-31T11:35:33","modified_gmt":"2025-03-31T09:35:33","slug":"betreuung-in-herzebrock-clarholz-anmeldungen-fuer-kindertagesbetreuung-noch-moeglich","status":"publish","type":"post","link":"https:\/\/www.marktplatz-hsw.de\/index.php\/2025\/04\/01\/betreuung-in-herzebrock-clarholz-anmeldungen-fuer-kindertagesbetreuung-noch-moeglich\/","title":{"rendered":"Betreuung in Herzebrock-Clarholz:  Anmeldungen f\u00fcr Kindertagesbetreuung noch m\u00f6glich"},"content":{"rendered":"<p><strong>G\u00fctersloh \/ Herzebrock-Clarholz. <\/strong>\u00a0Die Kitaplatz-Vergabe f\u00fcr das kommende Kita-Jahr ab August 2025 ist in der Gemeinde Herzebrock-Clarholz zwar noch nicht ganz abgeschlossen, es zeichnet sich jedoch ab, dass aufgrund der geringeren Anmeldungen im Vergleich zu den Vorjahren noch Pl\u00e4tze frei sind. Freie Pl\u00e4tze stehen sowohl in den Kindertageseinrichtungen als auch in der Kindertagespflege zur Verf\u00fcgung. Daher haben Eltern, die bisher keine Bedarfsmeldung \u00fcber das Online-Portal Kivan abgegeben haben noch die M\u00f6glichkeit, f\u00fcr ihre Kinder einen Betreuungsplatz in der Kita zu erhalten. Das Anmeldesystem ist \u00fcber die Website der Gemeinde Herzebrock-Clarholz, Rubrik \u201aLeben in Herzebrock-Clarholz\/Kinderbetreuung\u2018, zu erreichen. Wer sich f\u00fcr einen Betreuungsplatz in der Kindertagespflege interessiert, kann sich zwecks Beratung und Vermittlung an die Vermittlungsstelle Kreisfamilienzentrum des Caritasverbandes f\u00fcr den Kreis G\u00fctersloh (<a href=\"mailto:ktp.herzebrock-clarholz@caritas-gt.de\">ktp.herzebrock-clarholz@caritas-gt.de<\/a>) wenden.<\/p>\n<p>Bei Fragen und f\u00fcr Hilfestellungen zur Bedarfsanmeldung stehen die Ansprechpersonen vor Ort im Rathaus der Gemeinde Herzebrock-Clarholz oder beim Kreisjugendamt G\u00fctersloh zur Verf\u00fcgung. Die Kontaktdaten finden sich ebenfalls alle im Online-Portal Kivan der Gemeinde Herzebrock-Clarholz.<\/p>\n","protected":false},"excerpt":{"rendered":"<div class=\"mh-excerpt\"><p>G\u00fctersloh \/ Herzebrock-Clarholz. \u00a0Die Kitaplatz-Vergabe f\u00fcr das kommende Kita-Jahr ab August 2025 ist in der Gemeinde Herzebrock-Clarholz zwar noch nicht ganz abgeschlossen, es zeichnet sich jedoch ab, dass aufgrund der geringeren Anmeldungen im Vergleich zu den Vorjahren noch Pl\u00e4tze frei sind. Freie Pl\u00e4tze stehen sowohl in den Kindertageseinrichtungen als auch in der Kindertagespflege zur Verf\u00fcgung. <a class=\"mh-excerpt-more\" href=\"https:\/\/www.marktplatz-hsw.de\/index.php\/2025\/04\/01\/betreuung-in-herzebrock-clarholz-anmeldungen-fuer-kindertagesbetreuung-noch-moeglich\/\" title=\"Betreuung in Herzebrock-Clarholz:  Anmeldungen f\u00fcr Kindertagesbetreuung noch m\u00f6glich\">[&#8230;]<\/a><\/p>\n<\/div>","protected":false},"author":1,"featured_media":1953,"comment_status":"closed","ping_status":"closed","sticky":false,"template":"","format":"standard","meta":{"footnotes":""},"categories":[21],"tags":[],"class_list":["post-10170","post","type-post","status-publish","format-standard","has-post-thumbnail","hentry","category-herzebrock-clarholz"],"_links":{"self":[{"href":"https:\/\/www.marktplatz-hsw.de\/index.php\/wp-json\/wp\/v2\/posts\/10170","targetHints":{"allow":["GET"]}}],"collection":[{"href":"https:\/\/www.marktplatz-hsw.de\/index.php\/wp-json\/wp\/v2\/posts"}],"about":[{"href":"https:\/\/www.marktplatz-hsw.de\/index.php\/wp-json\/wp\/v2\/types\/post"}],"author":[{"embeddable":true,"href":"https:\/\/www.marktplatz-hsw.de\/index.php\/wp-json\/wp\/v2\/users\/1"}],"replies":[{"embeddable":true,"href":"https:\/\/www.marktplatz-hsw.de\/index.php\/wp-json\/wp\/v2\/comments?post=10170"}],"version-history":[{"count":2,"href":"https:\/\/www.marktplatz-hsw.de\/index.php\/wp-json\/wp\/v2\/posts\/10170\/revisions"}],"predecessor-version":[{"id":10172,"href":"https:\/\/www.marktplatz-hsw.de\/index.php\/wp-json\/wp\/v2\/posts\/10170\/revisions\/10172"}],"wp:featuredmedia":[{"embeddable":true,"href":"https:\/\/www.marktplatz-hsw.de\/index.php\/wp-json\/wp\/v2\/media\/1953"}],"wp:attachment":[{"href":"https:\/\/www.marktplatz-hsw.de\/index.php\/wp-json\/wp\/v2\/media?parent=10170"}],"wp:term":[{"taxonomy":"category","embeddable":true,"href":"https:\/\/www.marktplatz-hsw.de\/index.php\/wp-json\/wp\/v2\/categories?post=10170"},{"taxonomy":"post_tag","embeddable":true,"href":"https:\/\/www.marktplatz-hsw.de\/index.php\/wp-json\/wp\/v2\/tags?post=10170"}],"curies":[{"name":"wp","href":"https:\/\/api.w.org\/{rel}","templated":true}]}}