{"id":10503,"date":"2025-05-22T06:40:46","date_gmt":"2025-05-22T04:40:46","guid":{"rendered":"https:\/\/www.marktplatz-hsw.de\/?p=10503"},"modified":"2025-05-06T10:41:58","modified_gmt":"2025-05-06T08:41:58","slug":"kolpingorchester-feiert-am-24-mai-jubilaeum-am-schwanenteich","status":"publish","type":"post","link":"https:\/\/www.marktplatz-hsw.de\/index.php\/2025\/05\/22\/kolpingorchester-feiert-am-24-mai-jubilaeum-am-schwanenteich\/","title":{"rendered":"Kolpingorchester feiert am 24. Mai Jubil\u00e4um am Schwanenteich\u00a0"},"content":{"rendered":"<p class=\"p3\">Das Kolpingorchester Harsewinkel blickt in diesem Jahr auf 75 Jahre Vereinsgeschichte zur\u00fcck. Nach einem erfolgreichen Konzert im M\u00e4rz l\u00e4dt das Orchester nun zum n\u00e4chsten H\u00f6hepunkt des Jubil\u00e4umsjahres ein, zu dem alle B\u00fcrgerinnen und B\u00fcrger herzlich eingeladen sind: einem \u00f6ffentlichen Festakt im Stadtparkt \u2013 mit Musik, Begegnung und einem besonderen Geschenk an die Stadt.<span class=\"Apple-converted-space\">\u00a0<\/span><\/p>\n<p class=\"p3\">Der \u00f6ffentliche Festakt findet am <b>Samstag, 24. Mai ab 15:30 Uhr am Schwanenteich <\/b>im Stadtpark Harsewinkel statt. Das Orchester wird an diesem Nachmittag selbstverst\u00e4ndlich f\u00fcr die musikalische Unterhaltung sorgen. Neben der Musik erwartet die Besucherinnen und Besuche ein familienfreundliches Rahmenprogramm mit H\u00fcpfburg, Eiswagen und k\u00fchlen Getr\u00e4nken.<span class=\"Apple-converted-space\">\u00a0<\/span><\/p>\n<p class=\"p3\">Ein besonderer Programmpunkt wird die \u00dcbergabe einer Sonnenliege an die B\u00fcrgerinnen und B\u00fcrger der Stadt sein. Die Liege l\u00e4dt k\u00fcnftig am Schwanenteich zum Verweilen ein. \u00dcber einen daran angebrachten QR-Code kann das eigens f\u00fcr das Jubil\u00e4um komponierte St\u00fcck \u201eHarsewinkeler Zeitenkl\u00e4nge\u201c \u00fcber das Smartphone geh\u00f6rt werden.<span class=\"Apple-converted-space\">\u00a0<\/span><\/p>\n<p><img loading=\"lazy\" decoding=\"async\" class=\"alignnone size-full wp-image-10504\" src=\"https:\/\/www.marktplatz-hsw.de\/wp-content\/uploads\/2025\/05\/DJI_0155-Kopie.jpg\" alt=\"\" width=\"1000\" height=\"542\" srcset=\"https:\/\/www.marktplatz-hsw.de\/wp-content\/uploads\/2025\/05\/DJI_0155-Kopie.jpg 1000w, https:\/\/www.marktplatz-hsw.de\/wp-content\/uploads\/2025\/05\/DJI_0155-Kopie-300x163.jpg 300w, https:\/\/www.marktplatz-hsw.de\/wp-content\/uploads\/2025\/05\/DJI_0155-Kopie-768x416.jpg 768w\" sizes=\"auto, (max-width: 1000px) 100vw, 1000px\" \/><\/p>\n<p>Foto: Kolpingorchester Harsewinkel<\/p>\n","protected":false},"excerpt":{"rendered":"<div class=\"mh-excerpt\"><p>Das Kolpingorchester Harsewinkel blickt in diesem Jahr auf 75 Jahre Vereinsgeschichte zur\u00fcck. Nach einem erfolgreichen Konzert im M\u00e4rz l\u00e4dt das Orchester nun zum n\u00e4chsten H\u00f6hepunkt des Jubil\u00e4umsjahres ein, zu dem alle B\u00fcrgerinnen und B\u00fcrger herzlich eingeladen sind: einem \u00f6ffentlichen Festakt im Stadtparkt \u2013 mit Musik, Begegnung und einem besonderen Geschenk an die Stadt.\u00a0 Der \u00f6ffentliche <a class=\"mh-excerpt-more\" href=\"https:\/\/www.marktplatz-hsw.de\/index.php\/2025\/05\/22\/kolpingorchester-feiert-am-24-mai-jubilaeum-am-schwanenteich\/\" title=\"Kolpingorchester feiert am 24. Mai Jubil\u00e4um am Schwanenteich\u00a0\">[&#8230;]<\/a><\/p>\n<\/div>","protected":false},"author":1,"featured_media":10504,"comment_status":"closed","ping_status":"closed","sticky":false,"template":"","format":"standard","meta":{"footnotes":""},"categories":[3],"tags":[],"class_list":["post-10503","post","type-post","status-publish","format-standard","has-post-thumbnail","hentry","category-harsewinkel"],"_links":{"self":[{"href":"https:\/\/www.marktplatz-hsw.de\/index.php\/wp-json\/wp\/v2\/posts\/10503","targetHints":{"allow":["GET"]}}],"collection":[{"href":"https:\/\/www.marktplatz-hsw.de\/index.php\/wp-json\/wp\/v2\/posts"}],"about":[{"href":"https:\/\/www.marktplatz-hsw.de\/index.php\/wp-json\/wp\/v2\/types\/post"}],"author":[{"embeddable":true,"href":"https:\/\/www.marktplatz-hsw.de\/index.php\/wp-json\/wp\/v2\/users\/1"}],"replies":[{"embeddable":true,"href":"https:\/\/www.marktplatz-hsw.de\/index.php\/wp-json\/wp\/v2\/comments?post=10503"}],"version-history":[{"count":1,"href":"https:\/\/www.marktplatz-hsw.de\/index.php\/wp-json\/wp\/v2\/posts\/10503\/revisions"}],"predecessor-version":[{"id":10505,"href":"https:\/\/www.marktplatz-hsw.de\/index.php\/wp-json\/wp\/v2\/posts\/10503\/revisions\/10505"}],"wp:featuredmedia":[{"embeddable":true,"href":"https:\/\/www.marktplatz-hsw.de\/index.php\/wp-json\/wp\/v2\/media\/10504"}],"wp:attachment":[{"href":"https:\/\/www.marktplatz-hsw.de\/index.php\/wp-json\/wp\/v2\/media?parent=10503"}],"wp:term":[{"taxonomy":"category","embeddable":true,"href":"https:\/\/www.marktplatz-hsw.de\/index.php\/wp-json\/wp\/v2\/categories?post=10503"},{"taxonomy":"post_tag","embeddable":true,"href":"https:\/\/www.marktplatz-hsw.de\/index.php\/wp-json\/wp\/v2\/tags?post=10503"}],"curies":[{"name":"wp","href":"https:\/\/api.w.org\/{rel}","templated":true}]}}