{"id":10653,"date":"2025-05-22T13:04:46","date_gmt":"2025-05-22T11:04:46","guid":{"rendered":"https:\/\/www.marktplatz-hsw.de\/?p=10653"},"modified":"2025-05-22T13:04:46","modified_gmt":"2025-05-22T11:04:46","slug":"neuer-oeffentlicher-buecherschrank-am-alten-markt-in-harsewinkel","status":"publish","type":"post","link":"https:\/\/www.marktplatz-hsw.de\/index.php\/2025\/05\/22\/neuer-oeffentlicher-buecherschrank-am-alten-markt-in-harsewinkel\/","title":{"rendered":"Neuer \u00f6ffentlicher B\u00fccherschrank am Alten Markt in Harsewinkel"},"content":{"rendered":"<p><em>Gute Nachrichten f\u00fcr alle B\u00fccherfreundinnen und -freunde in Harsewinkel: Am Alten Markt \u2013 in unmittelbarer N\u00e4he des Froschbrunnens \u2013 wurde in diesen Tagen ein neuer \u00f6ffentlicher B\u00fccherschrank aufgestellt. Damit wird ein Antrag des AWO-Ortsvereins Harsewinkel, den dieser 2024 an den Harsewinkeler Stadtrat herangetragen hatte, erfolgreich umgesetzt.<\/em><\/p>\n<p>Der Schul-, Kultur- und Sportausschuss der Stadt Harsewinkel (SKSA) hatte dem Vorschlag zur Errichtung eines zweiten B\u00fccherschrankes seinerzeit mehrheitlich zugestimmt. Eigentlich war die Realisierung des Projektes schon eher angedacht gewesen, in den Wintermonaten verz\u00f6gerte sich allerdings witterungsbedingt die Fertigstellung des Fundaments f\u00fcr den B\u00fccherschranks. Inzwischen sind die Arbeiten abgeschlossen, sodass er p\u00fcnktlich zum Start in die warmen Monate aufgestellt werden konnte.<\/p>\n<p>Die handwerkliche Umsetzung des B\u00fccherschrankes \u00fcbernahm die Au\u00dfenwerkstatt der Gesamtschule Harsewinkel. Die Materialkosten in H\u00f6he von rund 3.000 Euro wurden von der Stadt Harsewinkel getragen. \u201eB\u00fccher verbinden Menschen, egal welchen Alters, welcher Herkunft oder Bildung. Der B\u00fccherschrank soll ein Ort sein, der Lust auf Lesen macht und Menschen unkompliziert miteinander in Kontakt bringt\u201c, sagt Robin Ossenbrink, Fachgruppenleiter Schule, Kultur, Sport der Stadt Harsewinkel.<\/p>\n<p>Die Betreuung sowie die Erstbef\u00fcllung des neuen B\u00fccherschrankes \u00fcbernimmt \u2013 wie bereits beim ersten Standort im Michel-Vauthrin-Park \u2013 der AWO-Ortsverein Harsewinkel. Das Prinzip bleibt gleich: B\u00fccher k\u00f6nnen unkompliziert entnommen oder eingestellt werden, ganz im Sinne des freien Austauschs und der F\u00f6rderung der Lesekultur. Der neue Standort am Alten Markt l\u00e4dt dazu ein, in B\u00fcchern zu st\u00f6bern, selbst Lesestoff beizusteuern oder einfach nur eine kleine Pause im Alltag einzulegen \u2013 mitten in der Innenstadt und f\u00fcr alle zug\u00e4nglich. \u201eWir freuen uns, dass die katholische Kirchengemeinde St. Lucia f\u00fcr den B\u00fccherschrank die Fl\u00e4che auf dem Kirchengrundst\u00fcck zur Verf\u00fcgung gestellt hat. Dass er an einem so zentralen Ort stehen kann, ist auch ihrer Unterst\u00fctzung zu verdanken\u201c, sagt Robin Ossenbrink.<\/p>\n<p><img loading=\"lazy\" decoding=\"async\" class=\"alignnone size-full wp-image-10661\" src=\"https:\/\/www.marktplatz-hsw.de\/wp-content\/uploads\/2025\/05\/Einweihung-Buecherschrank-Alter-Markt-Kopie.jpg\" alt=\"\" width=\"1000\" height=\"596\" srcset=\"https:\/\/www.marktplatz-hsw.de\/wp-content\/uploads\/2025\/05\/Einweihung-Buecherschrank-Alter-Markt-Kopie.jpg 1000w, https:\/\/www.marktplatz-hsw.de\/wp-content\/uploads\/2025\/05\/Einweihung-Buecherschrank-Alter-Markt-Kopie-300x179.jpg 300w, https:\/\/www.marktplatz-hsw.de\/wp-content\/uploads\/2025\/05\/Einweihung-Buecherschrank-Alter-Markt-Kopie-768x458.jpg 768w\" sizes=\"auto, (max-width: 1000px) 100vw, 1000px\" \/><\/p>\n<p>Freuen sich gemeinsam auf eine rege Nutzung des neuen B\u00fccherschanks: Vertreterinnen und Vertreter des AWO-Ortsvereins Harsewinkel, der Au\u00dfenwerkstatt, der Kirchengemeinde St. Lucia und der Stadt Harsewinkel.<\/p>\n<p>Foto: Stadt Harsewinkel<\/p>\n<p>&nbsp;<\/p>\n","protected":false},"excerpt":{"rendered":"<div class=\"mh-excerpt\"><p>Gute Nachrichten f\u00fcr alle B\u00fccherfreundinnen und -freunde in Harsewinkel: Am Alten Markt \u2013 in unmittelbarer N\u00e4he des Froschbrunnens \u2013 wurde in diesen Tagen ein neuer \u00f6ffentlicher B\u00fccherschrank aufgestellt. Damit wird ein Antrag des AWO-Ortsvereins Harsewinkel, den dieser 2024 an den Harsewinkeler Stadtrat herangetragen hatte, erfolgreich umgesetzt. Der Schul-, Kultur- und Sportausschuss der Stadt Harsewinkel (SKSA) <a class=\"mh-excerpt-more\" href=\"https:\/\/www.marktplatz-hsw.de\/index.php\/2025\/05\/22\/neuer-oeffentlicher-buecherschrank-am-alten-markt-in-harsewinkel\/\" title=\"Neuer \u00f6ffentlicher B\u00fccherschrank am Alten Markt in Harsewinkel\">[&#8230;]<\/a><\/p>\n<\/div>","protected":false},"author":1,"featured_media":10661,"comment_status":"closed","ping_status":"closed","sticky":false,"template":"","format":"standard","meta":{"footnotes":""},"categories":[3],"tags":[],"class_list":["post-10653","post","type-post","status-publish","format-standard","has-post-thumbnail","hentry","category-harsewinkel"],"_links":{"self":[{"href":"https:\/\/www.marktplatz-hsw.de\/index.php\/wp-json\/wp\/v2\/posts\/10653","targetHints":{"allow":["GET"]}}],"collection":[{"href":"https:\/\/www.marktplatz-hsw.de\/index.php\/wp-json\/wp\/v2\/posts"}],"about":[{"href":"https:\/\/www.marktplatz-hsw.de\/index.php\/wp-json\/wp\/v2\/types\/post"}],"author":[{"embeddable":true,"href":"https:\/\/www.marktplatz-hsw.de\/index.php\/wp-json\/wp\/v2\/users\/1"}],"replies":[{"embeddable":true,"href":"https:\/\/www.marktplatz-hsw.de\/index.php\/wp-json\/wp\/v2\/comments?post=10653"}],"version-history":[{"count":1,"href":"https:\/\/www.marktplatz-hsw.de\/index.php\/wp-json\/wp\/v2\/posts\/10653\/revisions"}],"predecessor-version":[{"id":10662,"href":"https:\/\/www.marktplatz-hsw.de\/index.php\/wp-json\/wp\/v2\/posts\/10653\/revisions\/10662"}],"wp:featuredmedia":[{"embeddable":true,"href":"https:\/\/www.marktplatz-hsw.de\/index.php\/wp-json\/wp\/v2\/media\/10661"}],"wp:attachment":[{"href":"https:\/\/www.marktplatz-hsw.de\/index.php\/wp-json\/wp\/v2\/media?parent=10653"}],"wp:term":[{"taxonomy":"category","embeddable":true,"href":"https:\/\/www.marktplatz-hsw.de\/index.php\/wp-json\/wp\/v2\/categories?post=10653"},{"taxonomy":"post_tag","embeddable":true,"href":"https:\/\/www.marktplatz-hsw.de\/index.php\/wp-json\/wp\/v2\/tags?post=10653"}],"curies":[{"name":"wp","href":"https:\/\/api.w.org\/{rel}","templated":true}]}}