{"id":10664,"date":"2025-05-22T14:28:02","date_gmt":"2025-05-22T12:28:02","guid":{"rendered":"https:\/\/www.marktplatz-hsw.de\/?p=10664"},"modified":"2025-05-22T14:28:02","modified_gmt":"2025-05-22T12:28:02","slug":"harsewinkeler-tanztage-2025-ein-wochenende-voller-rhythmus-bewegung-und-begeisterung","status":"publish","type":"post","link":"https:\/\/www.marktplatz-hsw.de\/index.php\/2025\/05\/22\/harsewinkeler-tanztage-2025-ein-wochenende-voller-rhythmus-bewegung-und-begeisterung\/","title":{"rendered":"Harsewinkeler Tanztage 2025 \u2013 Ein Wochenende voller Rhythmus, Bewegung und Begeisterung"},"content":{"rendered":"<p>Am 24. und 25. Mai 2025 verwandelt sich die Mehrzwecksportzentrum an der Prozessionsweg 2\/2a erneut in eine pulsierende B\u00fchne f\u00fcr Tanzbegeisterte aus nah und fern: Die \u201eHarsewinkeler Tanztage 2025\u201c laden zu einem facettenreichen Tanzfestival ein, das keine W\u00fcnsche offen l\u00e4sst.<\/p>\n<p>Unter der Leitung renommierter Dozenten wie Ernst aus Mannheim, Michelle und Melina aus Coburg sowie dem Trainerteam des Tanzsport Harsewinkel erwartet die Teilnehmerinnen und Teilnehmer ein vielf\u00e4ltiges Workshop-Programm. Von Gardetanz \u00fcber Freestyle und Showdance bis hin zu Musical-Dance und Akrobatik \u2013 das Angebot ist ebenso breit gef\u00e4chert wie inspirierend.<\/p>\n<p>Die Kurse finden an beiden Tagen jeweils von 9:00 bis 17:45 Uhr statt. Den perfekten Start in den Tag bietet ein kostenloses Aufw\u00e4rmprogramm von 9:00 bis 9:45 Uhr mit Ernst Voigt \u2013 offen f\u00fcr alle, die Lust auf Bewegung haben.<\/p>\n<p>Die Teilnahmegeb\u00fchr betr\u00e4gt 9 Euro pro Kurs. F\u00fcr besonders engagierte T\u00e4nzerinnen und T\u00e4nzer gibt es einen attraktiven Tagesticketpreis von 68 Euro f\u00fcr bis zu acht Kurseinheiten. Gruppen ab 30 Personen erhalten zudem 5 % Rabatt.<\/p>\n<p>F\u00fcr das leibliche Wohl ist ebenfalls gesorgt: Der Veranstalter bietet an beiden Tagen eine Auswahl an sportlichen Speisen und Getr\u00e4nken zu g\u00fcnstigen Preisen an.<\/p>\n<p>Die Anmeldung erfolgt online unter <a href=\"http:\/\/www.tanzsportgarde-harsewinkel.de\/\">www.tanzsportgarde-harsewinkel.de<\/a> oder per E-Mail an <a href=\"mailto:workshop@tanzsportgarde-harsewinkel.de\">workshop@tanzsportgarde-harsewinkel.de<\/a>.<\/p>\n<p>Ein wichtiger Hinweis f\u00fcr alle Teilnehmenden: Zutritt zu den Kursen ist nur mit einer g\u00fcltigen Kurskarte m\u00f6glich \u2013 dies gilt auch f\u00fcr Trainer, Eltern und Zuschauer.<\/p>\n<p>Die Harsewinkeler Tanztage 2025 versprechen ein mitrei\u00dfendes Erlebnis f\u00fcr alle Tanzbegeisterten \u2013 ob Anf\u00e4nger oder Fortgeschrittene. Jetzt anmelden und dabei sein, wenn Harsewinkel zum Zentrum des Tanzes wird!<\/p>\n<p><img loading=\"lazy\" decoding=\"async\" class=\"alignnone size-full wp-image-10665\" src=\"https:\/\/www.marktplatz-hsw.de\/wp-content\/uploads\/2025\/05\/Bildschirmfoto-2025-05-22-um-14.25.17-scaled.png\" alt=\"\" width=\"2560\" height=\"1806\" srcset=\"https:\/\/www.marktplatz-hsw.de\/wp-content\/uploads\/2025\/05\/Bildschirmfoto-2025-05-22-um-14.25.17-scaled.png 2560w, https:\/\/www.marktplatz-hsw.de\/wp-content\/uploads\/2025\/05\/Bildschirmfoto-2025-05-22-um-14.25.17-300x212.png 300w, https:\/\/www.marktplatz-hsw.de\/wp-content\/uploads\/2025\/05\/Bildschirmfoto-2025-05-22-um-14.25.17-1024x723.png 1024w, https:\/\/www.marktplatz-hsw.de\/wp-content\/uploads\/2025\/05\/Bildschirmfoto-2025-05-22-um-14.25.17-768x542.png 768w, https:\/\/www.marktplatz-hsw.de\/wp-content\/uploads\/2025\/05\/Bildschirmfoto-2025-05-22-um-14.25.17-1536x1084.png 1536w, https:\/\/www.marktplatz-hsw.de\/wp-content\/uploads\/2025\/05\/Bildschirmfoto-2025-05-22-um-14.25.17-2048x1445.png 2048w\" sizes=\"auto, (max-width: 2560px) 100vw, 2560px\" \/> <img loading=\"lazy\" decoding=\"async\" class=\"alignnone size-full wp-image-10666\" src=\"https:\/\/www.marktplatz-hsw.de\/wp-content\/uploads\/2025\/05\/Bildschirmfoto-2025-05-22-um-14.20.45-scaled.png\" alt=\"\" width=\"2560\" height=\"1816\" srcset=\"https:\/\/www.marktplatz-hsw.de\/wp-content\/uploads\/2025\/05\/Bildschirmfoto-2025-05-22-um-14.20.45-scaled.png 2560w, https:\/\/www.marktplatz-hsw.de\/wp-content\/uploads\/2025\/05\/Bildschirmfoto-2025-05-22-um-14.20.45-300x213.png 300w, https:\/\/www.marktplatz-hsw.de\/wp-content\/uploads\/2025\/05\/Bildschirmfoto-2025-05-22-um-14.20.45-1024x727.png 1024w, https:\/\/www.marktplatz-hsw.de\/wp-content\/uploads\/2025\/05\/Bildschirmfoto-2025-05-22-um-14.20.45-768x545.png 768w, https:\/\/www.marktplatz-hsw.de\/wp-content\/uploads\/2025\/05\/Bildschirmfoto-2025-05-22-um-14.20.45-1536x1090.png 1536w, https:\/\/www.marktplatz-hsw.de\/wp-content\/uploads\/2025\/05\/Bildschirmfoto-2025-05-22-um-14.20.45-2048x1453.png 2048w\" sizes=\"auto, (max-width: 2560px) 100vw, 2560px\" \/><\/p>\n","protected":false},"excerpt":{"rendered":"<div class=\"mh-excerpt\"><p>Am 24. und 25. Mai 2025 verwandelt sich die Mehrzwecksportzentrum an der Prozessionsweg 2\/2a erneut in eine pulsierende B\u00fchne f\u00fcr Tanzbegeisterte aus nah und fern: Die \u201eHarsewinkeler Tanztage 2025\u201c laden zu einem facettenreichen Tanzfestival ein, das keine W\u00fcnsche offen l\u00e4sst. Unter der Leitung renommierter Dozenten wie Ernst aus Mannheim, Michelle und Melina aus Coburg sowie <a class=\"mh-excerpt-more\" href=\"https:\/\/www.marktplatz-hsw.de\/index.php\/2025\/05\/22\/harsewinkeler-tanztage-2025-ein-wochenende-voller-rhythmus-bewegung-und-begeisterung\/\" title=\"Harsewinkeler Tanztage 2025 \u2013 Ein Wochenende voller Rhythmus, Bewegung und Begeisterung\">[&#8230;]<\/a><\/p>\n<\/div>","protected":false},"author":1,"featured_media":2584,"comment_status":"closed","ping_status":"closed","sticky":false,"template":"","format":"standard","meta":{"footnotes":""},"categories":[3],"tags":[],"class_list":["post-10664","post","type-post","status-publish","format-standard","has-post-thumbnail","hentry","category-harsewinkel"],"_links":{"self":[{"href":"https:\/\/www.marktplatz-hsw.de\/index.php\/wp-json\/wp\/v2\/posts\/10664","targetHints":{"allow":["GET"]}}],"collection":[{"href":"https:\/\/www.marktplatz-hsw.de\/index.php\/wp-json\/wp\/v2\/posts"}],"about":[{"href":"https:\/\/www.marktplatz-hsw.de\/index.php\/wp-json\/wp\/v2\/types\/post"}],"author":[{"embeddable":true,"href":"https:\/\/www.marktplatz-hsw.de\/index.php\/wp-json\/wp\/v2\/users\/1"}],"replies":[{"embeddable":true,"href":"https:\/\/www.marktplatz-hsw.de\/index.php\/wp-json\/wp\/v2\/comments?post=10664"}],"version-history":[{"count":1,"href":"https:\/\/www.marktplatz-hsw.de\/index.php\/wp-json\/wp\/v2\/posts\/10664\/revisions"}],"predecessor-version":[{"id":10667,"href":"https:\/\/www.marktplatz-hsw.de\/index.php\/wp-json\/wp\/v2\/posts\/10664\/revisions\/10667"}],"wp:featuredmedia":[{"embeddable":true,"href":"https:\/\/www.marktplatz-hsw.de\/index.php\/wp-json\/wp\/v2\/media\/2584"}],"wp:attachment":[{"href":"https:\/\/www.marktplatz-hsw.de\/index.php\/wp-json\/wp\/v2\/media?parent=10664"}],"wp:term":[{"taxonomy":"category","embeddable":true,"href":"https:\/\/www.marktplatz-hsw.de\/index.php\/wp-json\/wp\/v2\/categories?post=10664"},{"taxonomy":"post_tag","embeddable":true,"href":"https:\/\/www.marktplatz-hsw.de\/index.php\/wp-json\/wp\/v2\/tags?post=10664"}],"curies":[{"name":"wp","href":"https:\/\/api.w.org\/{rel}","templated":true}]}}