{"id":10881,"date":"2025-06-16T11:07:43","date_gmt":"2025-06-16T09:07:43","guid":{"rendered":"https:\/\/www.marktplatz-hsw.de\/?p=10881"},"modified":"2025-06-16T11:07:43","modified_gmt":"2025-06-16T09:07:43","slug":"kultur-raeume-guetersloh-das-programm-vom-30-juni-bis-13-juli-2025","status":"publish","type":"post","link":"https:\/\/www.marktplatz-hsw.de\/index.php\/2025\/06\/16\/kultur-raeume-guetersloh-das-programm-vom-30-juni-bis-13-juli-2025\/","title":{"rendered":"Kultur R\u00e4ume G\u00fctersloh: Das Programm vom 30. Juni bis 13. Juli 2025"},"content":{"rendered":"<p class=\"p8\"><b>Dienstag, 01. Juli 2025, 19.30 Uhr<\/b><\/p>\n<p class=\"p8\"><b>Theater, Skylobby<\/b><\/p>\n<p class=\"p8\">Theater Extra<\/p>\n<p class=\"p5\"><b>Royal Music<\/b><\/p>\n<p class=\"p9\">In Erinnerung an Hans Werner Henze<\/p>\n<p class=\"p9\">Martin Steuber (Gitarre), Andreas Ksienzyk (Rezitation)<\/p>\n<p class=\"p9\">Luys de Narv\u00e1ez (um 1500 \u2013 nach 1550) | Los sei libros del Delphin de m\u00fasica de cifra para taner vihuela: Libro 1<\/p>\n<p class=\"p9\">Hans Werner Henze (1926\u20132012) \u201eRoyal Winter Music\u201c (1976)<\/p>\n<p class=\"p9\">Erste Sonate \u00fcber Shakespeare\u2019sche Charaktere<\/p>\n<p class=\"p9\">Lesung aus Dramen von William Shakespeare<\/p>\n<p class=\"p9\">Die erste Sonate der \u201eRoyal Winter Music&#8220;, zu der Hans Werner Henze von Julian Bream angeregt wurde, ist eine Sammlung von im Wortsinne sechs Charakterst\u00fccken, in denen Henze Figuren aus Shakespeares Theaterwelt portr\u00e4tiert: u.a. Richard III., Herzog von Gloucester, Romeo und Julia, den Luftgeist Ariel, die verzweifelte Ophelia, den Elfenk\u00f6nig Oberon.<\/p>\n<p class=\"p9\">\u201eDie Gitarre, die so sehr zu unserer Geschichte geh\u00f6rt, ist ein \u201awissendes&#8216; Instrument voller Limiten, aber auch voller unbekannter Weiten und Tiefen. Sie verf\u00fcgt \u00fcber einen klanglichen Reichtum, der alles zu umfassen vermag, was ein modernes Instrument besitzt; man muss nur, um das bemerken zu k\u00f6nnen, in die Stille kommen, warten und den L\u00e4rm gr\u00fcndlich ausschlie\u00dfen. Die in diesem St\u00fcck auftretenden dramatis personae treten durch den Klang der Gitarre hindurch wie durch einen Theatervorhang. Da hinein mischen sich fl\u00fcsternd die Stimmen der Geister, und den Schluss spricht Oberon, befriedet und vers\u00f6hnt, als h\u00e4tte die Natur sich dem Mensch unterworfen.\u201c (Hans Werner Henze).<\/p>\n<p class=\"p9\">In diesem Recital stellt der Gitarrist Martin Steuber Henzes \u201eRoyal Winter Music\u201c k\u00f6niglicher Renaissancemusik von Luys de Narv\u00e1ez gegen\u00fcber. Andreas Ksienzyk wird die musikalisch Charakterisierten in Shakespeares Worten lebendig werden lassen.<\/p>\n<p>&nbsp;<\/p>\n<p>&nbsp;<\/p>\n<p class=\"p8\"><b>Mittwoch, 02. Juli 2025, 16.00 &#8211; 17.00 Uhr<\/b><\/p>\n<p class=\"p8\"><b>Theater, Theatersaal<\/b><\/p>\n<p class=\"p5\"><b>Die Weltenspringer und das Portal der Tr\u00e4ume<\/b><\/p>\n<p class=\"p9\">Kindermusical mit 150 Sch\u00fclerinnen und Sch\u00fclern aus G\u00fctersloher und Bielefelder Grundschulen sowie einer au\u00dferschulischen Jugendgruppe<\/p>\n<p class=\"p9\">Das diesj\u00e4hrige Kindermusical der \u201eKulturbr\u00fccke Cantara\u201c wird auf der B\u00fchne des Theaters G\u00fctersloh gezeigt. Initiiert von der Liz Mohn Stiftung und der Bielefelder Gesellschaft in Bewegung wirken erneut 150 Sch\u00fclerinnen und Sch\u00fcler der G\u00fctersloher Grundschulen Blankenhagen, Kattenstroth und Sundern sowie der Bielefelder Grundschulen Ummeln und Martinschule an der Auff\u00fchrung mit. Erstmals mit dabei sind auch Jugendliche der \u201eKulturbr\u00fccke Cantara Youth\u201c. Die au\u00dferschulische Jugendgruppe in Bielefeld erg\u00e4nzt die bisherigen Projektaktivit\u00e4ten in Grundschulen nachhaltig.<\/p>\n<p class=\"p9\">\u201eDie Weltenspringer und das Portal der Tr\u00e4ume\u201c erz\u00e4hlt die abenteuerliche Reise einer Gruppe von Kindern und Jugendlichen, die ein mysteri\u00f6ses Portal entdecken und dar\u00fcber in faszinierende und unheimliche Welten katapultiert werden. Auf ihrer Suche nach einer besseren Zukunft begegnet die Gruppe schillernden und ebenso beunruhigenden Orten, in denen Spiel, \u00dcberfluss und Dunkelheit ihre eigenen Herausforderungen bergen. Doch mit Mut, Zusammenhalt und ihren besonderen Kr\u00e4ften stellen die Kinder und Jugendlichen sich den Pr\u00fcfungen und machen eine \u00fcberraschende Entdeckung. Werden sie eine bessere Welt finden?<\/p>\n<p class=\"p9\">Im Projekt \u201eKulturbr\u00fccke Cantara\u201c gewinnen Kinder und Jugendliche professionelle Einblicke in verschiedene Kultursparten. Gemeinsam mit Theater-, Tanz-, Instrumental- und Gesangsp\u00e4dagog:innen entwickeln und gestalten sie jedes Jahr ihr eigenes Musical.<\/p>\n<p class=\"p9\">Theaterregie: Canip G\u00fcndogdu, Projektleitung\/Gesang: Leila Benazzouz, Projektleitung\/Choreografie, Andreas Wegwerth, Lichtdesign\/Technik: Chris Umney, Video\/Animation: Joshua G\u00f6tz, Projektmanagement: Annika Frank<\/p>\n<p class=\"p9\">Das Kindermusical wird musikalisch live begleitet vom \u201eensemble vinorosso\u201c unter der Leitung von Florian Stubenvoll.<\/p>\n<p class=\"p9\">Akkordeon: Claudia Quakernack, Percussion: Zena Christopoulou<\/p>\n<p>&nbsp;<\/p>\n<p>&nbsp;<\/p>\n<p class=\"p8\"><b>Freitag, 04. Juli 2025, 19.30 Uhr<\/b><\/p>\n<p class=\"p8\"><b>Samstag, 05. Juli 2025, 19.30 Uhr<\/b><\/p>\n<p class=\"p8\"><b>Sonntag, 06. Juli 2025, 16.00 Uhr<\/b><\/p>\n<p class=\"p8\"><b>Dienstag, 08. Juli 2025, 19.30 Uhr<\/b><\/p>\n<p class=\"p8\"><b>Theater, Studiob\u00fchne<\/b><\/p>\n<p class=\"p1\"><b>B\u00fcrgerb\u00fchne \u2013 Die Werkstatt! \u201eTop Girls\u201c<\/b><\/p>\n<p class=\"p8\">Schauspiel von Caryl Churchill<\/p>\n<p class=\"p8\">B\u00fcrgerb\u00fchne G\u00fctersloh<\/p>\n<p class=\"p8\">Regie: Pauline Miller<\/p>\n<p class=\"p8\">Es spielt das Ensemble der B\u00fcrgerb\u00fchne \u2013 Die Werkstatt! 2024\/25:<\/p>\n<p class=\"p8\">Marlene &#8211; Nadja Keisinger<\/p>\n<p class=\"p8\">Isabella Bird; Joyce &#8211; Mine Brandl<\/p>\n<p class=\"p8\">Mrs. Kidd &#8211; Brigitte Kulbrock<\/p>\n<p class=\"p8\">Dame Nijo; Win &#8211; Michelle Aulbur<\/p>\n<p class=\"p8\">Die Tolle Grete &#8211; Christa Brunhuber<\/p>\n<p class=\"p8\">Angie; Kellnerin &#8211; Rachel Charlene Alberts<\/p>\n<p class=\"p8\">P\u00e4pstin Johanna; Louise &#8211; Silke H\u00f6lscher<\/p>\n<p class=\"p8\">Die Geduldige Griselda; Jeanine &#8211; Franziska L\u00fccke<\/p>\n<p class=\"p8\">Nell &#8211; Sonja Rautenberg<\/p>\n<p class=\"p8\">Kit; Shona &#8211; Levke Bolowski<\/p>\n<p class=\"p8\">Marlene, frisch ausgew\u00e4hlte Chefin der Agentur \u201eTop Girls\u201c, feiert mit au\u00dfergew\u00f6hnlichen Frauen aus Geschichte, Kunst und Literatur \u2013 wie Isabella Bird, Lady Nijo und P\u00e4pstin Johanna, die Gro\u00dfes vollbrachten. Doch im harten Arbeitsalltag zeigt sich, was Marlene f\u00fcr ihren Aufstieg opfern musste.<\/p>\n<p class=\"p8\">Caryl Churchills \u201eTop Girls\u201c aus den 1980er Jahren beleuchtet mit starken, komplexen Figuren die Erfahrungen von Frauen \u00fcber Jahrhunderte und ihren Kampf um Erfolg in einer M\u00e4nnerwelt.<\/p>\n<p>&nbsp;<\/p>\n<p>&nbsp;<\/p>\n<p class=\"p8\">Das ausf\u00fchrliche Programm sowie den Kartenverkauf finden Sie unter <a href=\"http:\/\/www.kultur-r%25C3%25A4ume-gt.de\"><span class=\"s1\">www.kultur-r\u00e4ume-gt.de<\/span><\/a><\/p>\n<p class=\"p8\"><b>Kartenservice<span class=\"Apple-converted-space\">\u00a0<\/span><\/b><\/p>\n<p class=\"p8\">G\u00fctersloh Marketing GmbH<\/p>\n<p class=\"p8\">Berliner Stra\u00dfe 63<\/p>\n<p class=\"p8\">33330 G\u00fctersloh<\/p>\n<p class=\"p8\">Telefon 05241 21136-36<\/p>\n<p class=\"p10\"><span class=\"s2\">E-Mail: <a href=\"mailto:tickets@guetersloh-marketing.de\"><span class=\"s1\">tickets@guetersloh-marketing.de<\/span><\/a><\/span><\/p>\n<p class=\"p10\"><span class=\"s2\">Webshop unter <a href=\"http:\/\/www.kultur-r%25C3%25A4ume-gt.de\"><span class=\"s1\">theater-gt.de<\/span><\/a> und unter <\/span><span class=\"s3\">stadthalle-gt.de<\/span><\/p>\n<p class=\"p8\">\n","protected":false},"excerpt":{"rendered":"<div class=\"mh-excerpt\"><p>Dienstag, 01. Juli 2025, 19.30 Uhr Theater, Skylobby Theater Extra Royal Music In Erinnerung an Hans Werner Henze Martin Steuber (Gitarre), Andreas Ksienzyk (Rezitation) Luys de Narv\u00e1ez (um 1500 \u2013 nach 1550) | Los sei libros del Delphin de m\u00fasica de cifra para taner vihuela: Libro 1 Hans Werner Henze (1926\u20132012) \u201eRoyal Winter Music\u201c (1976) <a class=\"mh-excerpt-more\" href=\"https:\/\/www.marktplatz-hsw.de\/index.php\/2025\/06\/16\/kultur-raeume-guetersloh-das-programm-vom-30-juni-bis-13-juli-2025\/\" title=\"Kultur R\u00e4ume G\u00fctersloh: Das Programm vom 30. Juni bis 13. Juli 2025\">[&#8230;]<\/a><\/p>\n<\/div>","protected":false},"author":1,"featured_media":3769,"comment_status":"closed","ping_status":"closed","sticky":false,"template":"","format":"standard","meta":{"footnotes":""},"categories":[9],"tags":[],"class_list":["post-10881","post","type-post","status-publish","format-standard","has-post-thumbnail","hentry","category-guetersloh"],"_links":{"self":[{"href":"https:\/\/www.marktplatz-hsw.de\/index.php\/wp-json\/wp\/v2\/posts\/10881","targetHints":{"allow":["GET"]}}],"collection":[{"href":"https:\/\/www.marktplatz-hsw.de\/index.php\/wp-json\/wp\/v2\/posts"}],"about":[{"href":"https:\/\/www.marktplatz-hsw.de\/index.php\/wp-json\/wp\/v2\/types\/post"}],"author":[{"embeddable":true,"href":"https:\/\/www.marktplatz-hsw.de\/index.php\/wp-json\/wp\/v2\/users\/1"}],"replies":[{"embeddable":true,"href":"https:\/\/www.marktplatz-hsw.de\/index.php\/wp-json\/wp\/v2\/comments?post=10881"}],"version-history":[{"count":1,"href":"https:\/\/www.marktplatz-hsw.de\/index.php\/wp-json\/wp\/v2\/posts\/10881\/revisions"}],"predecessor-version":[{"id":10882,"href":"https:\/\/www.marktplatz-hsw.de\/index.php\/wp-json\/wp\/v2\/posts\/10881\/revisions\/10882"}],"wp:featuredmedia":[{"embeddable":true,"href":"https:\/\/www.marktplatz-hsw.de\/index.php\/wp-json\/wp\/v2\/media\/3769"}],"wp:attachment":[{"href":"https:\/\/www.marktplatz-hsw.de\/index.php\/wp-json\/wp\/v2\/media?parent=10881"}],"wp:term":[{"taxonomy":"category","embeddable":true,"href":"https:\/\/www.marktplatz-hsw.de\/index.php\/wp-json\/wp\/v2\/categories?post=10881"},{"taxonomy":"post_tag","embeddable":true,"href":"https:\/\/www.marktplatz-hsw.de\/index.php\/wp-json\/wp\/v2\/tags?post=10881"}],"curies":[{"name":"wp","href":"https:\/\/api.w.org\/{rel}","templated":true}]}}