{"id":11999,"date":"2025-10-16T06:42:05","date_gmt":"2025-10-16T04:42:05","guid":{"rendered":"https:\/\/www.marktplatz-hsw.de\/?p=11999"},"modified":"2025-10-06T10:45:51","modified_gmt":"2025-10-06T08:45:51","slug":"spezielle-mal-und-kreative-kurse-fuer-schulanfaenger","status":"publish","type":"post","link":"https:\/\/www.marktplatz-hsw.de\/index.php\/2025\/10\/16\/spezielle-mal-und-kreative-kurse-fuer-schulanfaenger\/","title":{"rendered":"Spezielle Mal- und kreative Kurse f\u00fcr Schulanf\u00e4nger"},"content":{"rendered":"<p><span style=\"font-family: Arial, sans-serif;\">(Anzeige) Gerade Kinder in diesem Alter sind sehr neugierig, extrem aufnahmef\u00e4hig und entwickeln st\u00e4ndig neue Ideen. Unsere langj\u00e4hrige Erfahrung hat es best\u00e4tigt, dass gerade jetzt der intensive Umgang mit Farben und unterschiedlichsten Werkstoffen die Entwicklung der Kinder positiv beeinflusst. <\/span><\/p>\n<p><span style=\"font-family: Arial, sans-serif;\">Wenn dann die ersten eigenen Kunstwerke Best\u00e4tigung durch die Eltern und die Familie finden, steht dem Erfolgserlebnis und der Freude am Malen und der Schule nichts mehr im Weg.<\/span><\/p>\n<p><span style=\"font-family: Arial, sans-serif;\">Ziel unsere Kurse ist es Kindern die Kunst n\u00e4her zu bringen, Neues entdecken lassen und ihre kreativen Sinne zu f\u00f6rdern.<\/span><\/p>\n<p><span style=\"font-family: Arial, sans-serif;\">Kommen Sie uns doch einmal besuchen und tauchen Sie ein in die Welt der Farben.<\/span><\/p>\n<p><span style=\"font-family: Arial, sans-serif;\">Reza\u2019s Malschule bietet Kurse f\u00fcr Kinder ab 5 Jahren, Jugendliche und Erwachsene.<\/span><\/p>\n<p><span style=\"font-family: Arial, sans-serif;\">In den Schulferien bieten wir spezielle Wochenseminare f\u00fcr Kinder, Jugendliche und Erwachsene. Kunstprojekte in Kitas, Grundschulen und weiterf\u00fchrenden Schulen. <\/span><\/p>\n<p><span style=\"font-family: Arial, sans-serif;\"><span style=\"font-size: small;\"><span style=\"font-size: large;\"><b>Wer sich f\u00fcr die Malschule interessiert oder sich beraten lassen m\u00f6chte: <a href=\"http:\/\/www.rezasmalschule.de\/\">www.rezas-malschule.de<\/a> oder 01573 40 70 379<\/b><\/span><\/span><\/span><\/p>\n<p><img loading=\"lazy\" decoding=\"async\" class=\"alignnone size-full wp-image-12000\" src=\"https:\/\/www.marktplatz-hsw.de\/wp-content\/uploads\/2025\/10\/20251001_183019-Kopie.jpg\" alt=\"\" width=\"1000\" height=\"500\" srcset=\"https:\/\/www.marktplatz-hsw.de\/wp-content\/uploads\/2025\/10\/20251001_183019-Kopie.jpg 1000w, https:\/\/www.marktplatz-hsw.de\/wp-content\/uploads\/2025\/10\/20251001_183019-Kopie-300x150.jpg 300w, https:\/\/www.marktplatz-hsw.de\/wp-content\/uploads\/2025\/10\/20251001_183019-Kopie-768x384.jpg 768w\" sizes=\"auto, (max-width: 1000px) 100vw, 1000px\" \/><\/p>\n<p>Foto: Reza<\/p>\n","protected":false},"excerpt":{"rendered":"<div class=\"mh-excerpt\"><p>(Anzeige) Gerade Kinder in diesem Alter sind sehr neugierig, extrem aufnahmef\u00e4hig und entwickeln st\u00e4ndig neue Ideen. Unsere langj\u00e4hrige Erfahrung hat es best\u00e4tigt, dass gerade jetzt der intensive Umgang mit Farben und unterschiedlichsten Werkstoffen die Entwicklung der Kinder positiv beeinflusst. Wenn dann die ersten eigenen Kunstwerke Best\u00e4tigung durch die Eltern und die Familie finden, steht dem <a class=\"mh-excerpt-more\" href=\"https:\/\/www.marktplatz-hsw.de\/index.php\/2025\/10\/16\/spezielle-mal-und-kreative-kurse-fuer-schulanfaenger\/\" title=\"Spezielle Mal- und kreative Kurse f\u00fcr Schulanf\u00e4nger\">[&#8230;]<\/a><\/p>\n<\/div>","protected":false},"author":1,"featured_media":12000,"comment_status":"closed","ping_status":"closed","sticky":false,"template":"","format":"standard","meta":{"footnotes":""},"categories":[3],"tags":[],"class_list":["post-11999","post","type-post","status-publish","format-standard","has-post-thumbnail","hentry","category-harsewinkel"],"_links":{"self":[{"href":"https:\/\/www.marktplatz-hsw.de\/index.php\/wp-json\/wp\/v2\/posts\/11999","targetHints":{"allow":["GET"]}}],"collection":[{"href":"https:\/\/www.marktplatz-hsw.de\/index.php\/wp-json\/wp\/v2\/posts"}],"about":[{"href":"https:\/\/www.marktplatz-hsw.de\/index.php\/wp-json\/wp\/v2\/types\/post"}],"author":[{"embeddable":true,"href":"https:\/\/www.marktplatz-hsw.de\/index.php\/wp-json\/wp\/v2\/users\/1"}],"replies":[{"embeddable":true,"href":"https:\/\/www.marktplatz-hsw.de\/index.php\/wp-json\/wp\/v2\/comments?post=11999"}],"version-history":[{"count":1,"href":"https:\/\/www.marktplatz-hsw.de\/index.php\/wp-json\/wp\/v2\/posts\/11999\/revisions"}],"predecessor-version":[{"id":12001,"href":"https:\/\/www.marktplatz-hsw.de\/index.php\/wp-json\/wp\/v2\/posts\/11999\/revisions\/12001"}],"wp:featuredmedia":[{"embeddable":true,"href":"https:\/\/www.marktplatz-hsw.de\/index.php\/wp-json\/wp\/v2\/media\/12000"}],"wp:attachment":[{"href":"https:\/\/www.marktplatz-hsw.de\/index.php\/wp-json\/wp\/v2\/media?parent=11999"}],"wp:term":[{"taxonomy":"category","embeddable":true,"href":"https:\/\/www.marktplatz-hsw.de\/index.php\/wp-json\/wp\/v2\/categories?post=11999"},{"taxonomy":"post_tag","embeddable":true,"href":"https:\/\/www.marktplatz-hsw.de\/index.php\/wp-json\/wp\/v2\/tags?post=11999"}],"curies":[{"name":"wp","href":"https:\/\/api.w.org\/{rel}","templated":true}]}}