{"id":12081,"date":"2025-10-11T06:53:27","date_gmt":"2025-10-11T04:53:27","guid":{"rendered":"https:\/\/www.marktplatz-hsw.de\/?p=12081"},"modified":"2025-10-10T11:54:20","modified_gmt":"2025-10-10T09:54:20","slug":"allerheiligenmarkt-in-sassenberg-am-8-und-9-november-2025-vorverkauf-fuer-kindertroedelmarkt-startet","status":"publish","type":"post","link":"https:\/\/www.marktplatz-hsw.de\/index.php\/2025\/10\/11\/allerheiligenmarkt-in-sassenberg-am-8-und-9-november-2025-vorverkauf-fuer-kindertroedelmarkt-startet\/","title":{"rendered":"Allerheiligenmarkt in Sassenberg am 8. und 9. November 2025\u00a0 &#8211; Vorverkauf f\u00fcr Kindertr\u00f6delmarkt startet"},"content":{"rendered":"<div id=\"message-header\">Bald ist es wieder soweit: Am 8. und 9. November 2025 verwandelt sich die Innenstadt von Sassenberg in ein lebendiges Markttreiben f\u00fcr Gro\u00df und Klein. Der traditionelle Allerheiligenmarkt lockt in diesem Jahr mit zahlreichen Attraktionen, kulinarischen Gen\u00fcssen und einem abwechslungsreichen Unterhaltungsprogramm.<\/div>\n<div id=\"message-content\">\n<div class=\"rightcol\" role=\"region\" aria-labelledby=\"aria-label-messagebody\">\n<div id=\"messagebody\">\n<div id=\"message-part1\" class=\"message-part\">\n<div class=\"pre\">\n<p>Besonders stolz sind die Organisatoren auf die neue Handwerkermeile auf dem Lappenbrink, in der regionale Betriebe ihr K\u00f6nnen und ihre Dienstleistungen pr\u00e4sentieren. Handwerksbetriebe aus Sassenberg und den umliegenden Orten sind herzlich eingeladen, hier auszustellen und den Besuchern Einblicke in ihre Arbeit zu geben. Interessierte Firmen k\u00f6nnen sich bei Robert Tarner oder per E-Mail an\u00a0<a href=\"mailto:info@gewerbeverein-sassenberg.de\">info@gewerbeverein-sassenberg.de<\/a>\u00a0f\u00fcr einen Standplatz anmelden.<\/p>\n<p>Auch die Vereinsmeile auf der Schlossstra\u00dfe bietet wieder die M\u00f6glichkeit, dass lokale Vereine ihre Arbeit vorstellen, \u00fcber Vereinsarbeit informieren und neue Mitglieder gewinnen. Hier stehen noch einige kostenlose Standpl\u00e4tze zur Verf\u00fcgung \u2013 Anmeldungen erfolgen ebenfalls \u00fcber die oben genannte E-Mail-Adresse.<\/p>\n<p>Ein besonderes Highlight ist wieder der gro\u00dfe Kindertr\u00f6delmarkt am Sonntag auf der Sch\u00fcrenstra\u00dfe. Hier k\u00f6nnen Kinder und Erwachsene ihre privaten Sch\u00e4tze verkaufen und das ein oder andere Schn\u00e4ppchen machen. Wichtig: Der Tr\u00f6delmarkt ist ausschlie\u00dflich f\u00fcr private Verk\u00e4ufer gedacht, Profi-H\u00e4ndler sind nicht zugelassen. Der Vorverkauf f\u00fcr die Tr\u00f6delpl\u00e4tze beginnt ab dem 13. Oktober 2025 \u00fcber die Internetseite\u00a0<a href=\"http:\/\/www.allerheiligenmarkt-sassenberg.de\/\" target=\"_blank\" rel=\"noopener noreferrer\">www.allerheiligenmarkt-sassenberg.de<\/a>.<\/p>\n<p>Neben den Marktst\u00e4nden erwartet die Besucherinnen und Besucher ein abwechslungsreiches Unterhaltungsprogramm: Eine bunte Kirmes, Live-Musik auf mehreren B\u00fchnen, eine Party-Meile am Samstagabend, kulinarische Spezialit\u00e4ten aus der Region und ein Profi-Tr\u00f6delmarkt auf dem Klingenhagen sorgen f\u00fcr ein unvergessliches Erlebnis. Am Sonntag l\u00e4dt zudem der verkaufsoffene Sonntag von 13 bis 18 Uhr zum entspannten Bummeln und Einkaufen ein.<\/p>\n<p>Ein besonderes Augenmerk legen die Organisatoren auf die Sicherheit w\u00e4hrend des Marktes. In Zusammenarbeit mit dem Ordnungsamt der Stadt Sassenberg wird die Innenstadt w\u00e4hrend der Marktzeiten am Samstag und Sonntag vollst\u00e4ndig f\u00fcr den Autoverkehr gesperrt. Anwohnerinnen und Anwohner werden gebeten, ihre Fahrzeuge rechtzeitig au\u00dferhalb des Veranstaltungsbereichs zu parken, wenn sie am Wochenende die Innenstadt mit ihrem PKW verlassen m\u00f6chten.<\/p>\n<p>Das Organisationsteam freut sich auf zahlreiche Besucherinnen und Besucher. \u201eDer Allerheiligenmarkt ist ein Wochenende voller Freude, Begegnungen und Erlebnisse f\u00fcr die ganze Familie. Wir laden alle ein, nach Sassenberg zu kommen und gemeinsam ein buntes Marktwochenende zu genie\u00dfen\u201c, so das Orga-Team des Gewerbevereins.<\/p>\n<\/div>\n<div><\/div>\n<\/div>\n<\/div>\n<\/div>\n<\/div>\n<div><img loading=\"lazy\" decoding=\"async\" class=\"alignnone size-full wp-image-76432\" src=\"https:\/\/derspoekenkieker.de\/wp-content\/uploads\/2025\/10\/Allerheiligenmarkt-IMG_1678.jpg\" alt=\"\" width=\"1000\" height=\"562\" \/><\/div>\n<div>Das Orga-Team des Allerheiligenmarktes: (v.l.) Robert Tarner, Jakob Klassen und J\u00f6rg Sch\u00f6ne (Vorsitzender Gewerbeverein)<\/div>\n","protected":false},"excerpt":{"rendered":"<div class=\"mh-excerpt\"><p>Bald ist es wieder soweit: Am 8. und 9. November 2025 verwandelt sich die Innenstadt von Sassenberg in ein lebendiges Markttreiben f\u00fcr Gro\u00df und Klein. Der traditionelle Allerheiligenmarkt lockt in diesem Jahr mit zahlreichen Attraktionen, kulinarischen Gen\u00fcssen und einem abwechslungsreichen Unterhaltungsprogramm. Besonders stolz sind die Organisatoren auf die neue Handwerkermeile auf dem Lappenbrink, in der <a class=\"mh-excerpt-more\" href=\"https:\/\/www.marktplatz-hsw.de\/index.php\/2025\/10\/11\/allerheiligenmarkt-in-sassenberg-am-8-und-9-november-2025-vorverkauf-fuer-kindertroedelmarkt-startet\/\" title=\"Allerheiligenmarkt in Sassenberg am 8. und 9. November 2025\u00a0 &#8211; Vorverkauf f\u00fcr Kindertr\u00f6delmarkt startet\">[&#8230;]<\/a><\/p>\n<\/div>","protected":false},"author":1,"featured_media":12082,"comment_status":"closed","ping_status":"closed","sticky":false,"template":"","format":"standard","meta":{"footnotes":""},"categories":[10],"tags":[],"class_list":["post-12081","post","type-post","status-publish","format-standard","has-post-thumbnail","hentry","category-veranstaltung"],"_links":{"self":[{"href":"https:\/\/www.marktplatz-hsw.de\/index.php\/wp-json\/wp\/v2\/posts\/12081","targetHints":{"allow":["GET"]}}],"collection":[{"href":"https:\/\/www.marktplatz-hsw.de\/index.php\/wp-json\/wp\/v2\/posts"}],"about":[{"href":"https:\/\/www.marktplatz-hsw.de\/index.php\/wp-json\/wp\/v2\/types\/post"}],"author":[{"embeddable":true,"href":"https:\/\/www.marktplatz-hsw.de\/index.php\/wp-json\/wp\/v2\/users\/1"}],"replies":[{"embeddable":true,"href":"https:\/\/www.marktplatz-hsw.de\/index.php\/wp-json\/wp\/v2\/comments?post=12081"}],"version-history":[{"count":1,"href":"https:\/\/www.marktplatz-hsw.de\/index.php\/wp-json\/wp\/v2\/posts\/12081\/revisions"}],"predecessor-version":[{"id":12083,"href":"https:\/\/www.marktplatz-hsw.de\/index.php\/wp-json\/wp\/v2\/posts\/12081\/revisions\/12083"}],"wp:featuredmedia":[{"embeddable":true,"href":"https:\/\/www.marktplatz-hsw.de\/index.php\/wp-json\/wp\/v2\/media\/12082"}],"wp:attachment":[{"href":"https:\/\/www.marktplatz-hsw.de\/index.php\/wp-json\/wp\/v2\/media?parent=12081"}],"wp:term":[{"taxonomy":"category","embeddable":true,"href":"https:\/\/www.marktplatz-hsw.de\/index.php\/wp-json\/wp\/v2\/categories?post=12081"},{"taxonomy":"post_tag","embeddable":true,"href":"https:\/\/www.marktplatz-hsw.de\/index.php\/wp-json\/wp\/v2\/tags?post=12081"}],"curies":[{"name":"wp","href":"https:\/\/api.w.org\/{rel}","templated":true}]}}