{"id":12086,"date":"2025-10-12T06:50:17","date_gmt":"2025-10-12T04:50:17","guid":{"rendered":"https:\/\/www.marktplatz-hsw.de\/?p=12086"},"modified":"2025-10-10T13:51:12","modified_gmt":"2025-10-10T11:51:12","slug":"msc-harsewinkel-und-adac-engagieren-sich-gemeinsam-fuer-sichere-schulwege","status":"publish","type":"post","link":"https:\/\/www.marktplatz-hsw.de\/index.php\/2025\/10\/12\/msc-harsewinkel-und-adac-engagieren-sich-gemeinsam-fuer-sichere-schulwege\/","title":{"rendered":"MSC Harsewinkel und ADAC engagieren sich gemeinsam f\u00fcr sichere Schulwege"},"content":{"rendered":"<p>Gemeinsam f\u00fcr mehr Sicherheit auf dem Schulweg: Der MSC Harsewinkel hat in Zusammenarbeit mit dem ADAC Westfalen und der ADAC Stiftung Grundsch\u00fclerinnen und Grundsch\u00fcler in Harsewinkel mit reflektierenden Warnwesten ausgestattet. Insgesamt erhielten 90 Kinder der Astrid-Lindgren-Schule und 75 Kinder der Kardinal-von-Galen-Schule die leuchtenden Westen \u2013 rechtzeitig zum Start in die dunkle Jahreszeit.<\/p>\n<p>Vor Ort \u00fcberreichten Maik F\u00fcrst (1. Vorsitzender) und Marcel Urban (2. Vorsitzender) des MSC Harsewinkel die Westen pers\u00f6nlich an die Sch\u00fclerinnen und Sch\u00fcler. \u201eGerade im Herbst und Winter ist es wichtig, dass Kinder im Stra\u00dfenverkehr gut sichtbar sind. &#8222;Mit den Warnwesten wollen wir dazu beitragen, Unf\u00e4lle zu vermeiden und das Bewusstsein f\u00fcr Sicherheit zu st\u00e4rken\u201c, erkl\u00e4rte Maik F\u00fcrst bei der \u00dcbergabe.<\/p>\n<p>Die Aktion ist Teil der bundesweiten Verkehrssicherheitsinitiative \u201eSicher und sichtbar zur Schule\u201c der ADAC Stiftung, die Kinder fr\u00fchzeitig f\u00fcr umsichtiges Verhalten im Stra\u00dfenverkehr sensibilisieren will. Denn insbesondere Erstkl\u00e4ssler k\u00f6nnen Entfernungen und Geschwindigkeiten von Fahrzeugen oft noch nicht richtig einsch\u00e4tzen.<\/p>\n<p>Lehrerinnen und Lehrer der beiden Schulen zeigten sich dankbar f\u00fcr die Aktion: \u201eDie Westen sind ein einfaches, aber sehr wirksames Mittel, um unsere Kinder besser zu sch\u00fctzen. Gleichzeitig lernen sie, wie wichtig Sichtbarkeit im Stra\u00dfenverkehr ist.\u201c<\/p>\n<p>Neben der verbesserten Sichtbarkeit liegt der ADAC Stiftung auch die F\u00f6rderung selbstst\u00e4ndiger Schulwege am Herzen: Kinder sollen m\u00f6glichst zu Fu\u00df statt mit dem Auto zur Schule kommen \u2013 das st\u00e4rkt Aufmerksamkeit, Bewegung und Eigenverantwortung.<\/p>\n<p>Mit dieser gemeinsamen Aktion von MSC Harsewinkel, ADAC und ADAC Stiftung wird deutlich: Sicherheit im Stra\u00dfenverkehr beginnt bei den Kleinsten \u2013 und braucht das Engagement vieler.<\/p>\n<p><strong>Kontakt:<\/strong><br \/>\nMSC Harsewinkel e.V. im ADAC<br \/>\n\ud83c\udf10 <a href=\"https:\/\/msc-harsewinkel.de\/\" target=\"_blank\" rel=\"noopener\">https:\/\/msc-harsewinkel.de\/<\/a><\/p>\n<p><img loading=\"lazy\" decoding=\"async\" class=\"alignnone size-full wp-image-12087\" src=\"https:\/\/www.marktplatz-hsw.de\/wp-content\/uploads\/2025\/10\/WhatsApp-Image-2025-10-10-at-12.17.31-Kopie.jpg\" alt=\"\" width=\"1000\" height=\"750\" srcset=\"https:\/\/www.marktplatz-hsw.de\/wp-content\/uploads\/2025\/10\/WhatsApp-Image-2025-10-10-at-12.17.31-Kopie.jpg 1000w, https:\/\/www.marktplatz-hsw.de\/wp-content\/uploads\/2025\/10\/WhatsApp-Image-2025-10-10-at-12.17.31-Kopie-300x225.jpg 300w, https:\/\/www.marktplatz-hsw.de\/wp-content\/uploads\/2025\/10\/WhatsApp-Image-2025-10-10-at-12.17.31-Kopie-768x576.jpg 768w, https:\/\/www.marktplatz-hsw.de\/wp-content\/uploads\/2025\/10\/WhatsApp-Image-2025-10-10-at-12.17.31-Kopie-678x509.jpg 678w, https:\/\/www.marktplatz-hsw.de\/wp-content\/uploads\/2025\/10\/WhatsApp-Image-2025-10-10-at-12.17.31-Kopie-326x245.jpg 326w, https:\/\/www.marktplatz-hsw.de\/wp-content\/uploads\/2025\/10\/WhatsApp-Image-2025-10-10-at-12.17.31-Kopie-80x60.jpg 80w\" sizes=\"auto, (max-width: 1000px) 100vw, 1000px\" \/> <img loading=\"lazy\" decoding=\"async\" class=\"alignnone size-full wp-image-12088\" src=\"https:\/\/www.marktplatz-hsw.de\/wp-content\/uploads\/2025\/10\/WhatsApp-Image-2025-10-07-at-10.18.57-Kopie.jpg\" alt=\"\" width=\"1000\" height=\"491\" srcset=\"https:\/\/www.marktplatz-hsw.de\/wp-content\/uploads\/2025\/10\/WhatsApp-Image-2025-10-07-at-10.18.57-Kopie.jpg 1000w, https:\/\/www.marktplatz-hsw.de\/wp-content\/uploads\/2025\/10\/WhatsApp-Image-2025-10-07-at-10.18.57-Kopie-300x147.jpg 300w, https:\/\/www.marktplatz-hsw.de\/wp-content\/uploads\/2025\/10\/WhatsApp-Image-2025-10-07-at-10.18.57-Kopie-768x377.jpg 768w\" sizes=\"auto, (max-width: 1000px) 100vw, 1000px\" \/><\/p>\n<p>Fotos: MSC Harsewinkel<\/p>\n","protected":false},"excerpt":{"rendered":"<div class=\"mh-excerpt\"><p>Gemeinsam f\u00fcr mehr Sicherheit auf dem Schulweg: Der MSC Harsewinkel hat in Zusammenarbeit mit dem ADAC Westfalen und der ADAC Stiftung Grundsch\u00fclerinnen und Grundsch\u00fcler in Harsewinkel mit reflektierenden Warnwesten ausgestattet. Insgesamt erhielten 90 Kinder der Astrid-Lindgren-Schule und 75 Kinder der Kardinal-von-Galen-Schule die leuchtenden Westen \u2013 rechtzeitig zum Start in die dunkle Jahreszeit. Vor Ort \u00fcberreichten <a class=\"mh-excerpt-more\" href=\"https:\/\/www.marktplatz-hsw.de\/index.php\/2025\/10\/12\/msc-harsewinkel-und-adac-engagieren-sich-gemeinsam-fuer-sichere-schulwege\/\" title=\"MSC Harsewinkel und ADAC engagieren sich gemeinsam f\u00fcr sichere Schulwege\">[&#8230;]<\/a><\/p>\n<\/div>","protected":false},"author":1,"featured_media":12088,"comment_status":"closed","ping_status":"closed","sticky":false,"template":"","format":"standard","meta":{"footnotes":""},"categories":[3],"tags":[],"class_list":["post-12086","post","type-post","status-publish","format-standard","has-post-thumbnail","hentry","category-harsewinkel"],"_links":{"self":[{"href":"https:\/\/www.marktplatz-hsw.de\/index.php\/wp-json\/wp\/v2\/posts\/12086","targetHints":{"allow":["GET"]}}],"collection":[{"href":"https:\/\/www.marktplatz-hsw.de\/index.php\/wp-json\/wp\/v2\/posts"}],"about":[{"href":"https:\/\/www.marktplatz-hsw.de\/index.php\/wp-json\/wp\/v2\/types\/post"}],"author":[{"embeddable":true,"href":"https:\/\/www.marktplatz-hsw.de\/index.php\/wp-json\/wp\/v2\/users\/1"}],"replies":[{"embeddable":true,"href":"https:\/\/www.marktplatz-hsw.de\/index.php\/wp-json\/wp\/v2\/comments?post=12086"}],"version-history":[{"count":1,"href":"https:\/\/www.marktplatz-hsw.de\/index.php\/wp-json\/wp\/v2\/posts\/12086\/revisions"}],"predecessor-version":[{"id":12089,"href":"https:\/\/www.marktplatz-hsw.de\/index.php\/wp-json\/wp\/v2\/posts\/12086\/revisions\/12089"}],"wp:featuredmedia":[{"embeddable":true,"href":"https:\/\/www.marktplatz-hsw.de\/index.php\/wp-json\/wp\/v2\/media\/12088"}],"wp:attachment":[{"href":"https:\/\/www.marktplatz-hsw.de\/index.php\/wp-json\/wp\/v2\/media?parent=12086"}],"wp:term":[{"taxonomy":"category","embeddable":true,"href":"https:\/\/www.marktplatz-hsw.de\/index.php\/wp-json\/wp\/v2\/categories?post=12086"},{"taxonomy":"post_tag","embeddable":true,"href":"https:\/\/www.marktplatz-hsw.de\/index.php\/wp-json\/wp\/v2\/tags?post=12086"}],"curies":[{"name":"wp","href":"https:\/\/api.w.org\/{rel}","templated":true}]}}