{"id":12099,"date":"2025-10-13T11:00:44","date_gmt":"2025-10-13T09:00:44","guid":{"rendered":"https:\/\/www.marktplatz-hsw.de\/?p=12099"},"modified":"2025-10-13T11:00:54","modified_gmt":"2025-10-13T09:00:54","slug":"viel-los-im-herbst-beim-reit-und-fahrverein-greffen-e-v","status":"publish","type":"post","link":"https:\/\/www.marktplatz-hsw.de\/index.php\/2025\/10\/13\/viel-los-im-herbst-beim-reit-und-fahrverein-greffen-e-v\/","title":{"rendered":"Viel los im Herbst \u2013 beim Reit- und Fahrverein Greffen e.V.\u00a0"},"content":{"rendered":"<p class=\"p2\">Beim Reit- und Fahrverein Greffen e.V. ist im Herbst diesen Jahres einiges los &#8211; und das Programm k\u00f6nnte abwechslungsreicher kaum sein.<span class=\"Apple-converted-space\">\u00a0<\/span><\/p>\n<p class=\"p2\">Den Auftakt bildete am 21. September 2025 der WBO-Fahrertag: ein Turniertag f\u00fcr junge Fahrerinnen und Fahrer, Fahranf\u00e4nger sowie junge Pferde. In verschiedenen Pr\u00fcfungen konnten die Teilnehmenden ihr K\u00f6nnen unter Beweis stellen und wertvolle Turniererfahrungen sammeln. Mit viel Engagement und zahlreichen Arbeitsstunden wurde das Vereinsgel\u00e4nde auf dem Hof Rohmann in Greffen in eine Turnierlandschaft verwandelt: ein Dressurviereck, ein Kegelparcours und Gel\u00e4ndehindernisse boten optimale Bedingungen f\u00fcr die insgesamt zw\u00f6lf Pr\u00fcfungen. Dank eines gro\u00dfz\u00fcgigen Turnierplatzes, einer gut geplanten Infrastruktur, einer eigens angelegten Aufw\u00e4rmstrecke durch Wiesen und W\u00e4lder sowie einem liebevoll dekorierten Kuchenzelt mit ganzt\u00e4giger Verpflegung fanden sowohl Teilnehmende als auch G\u00e4ste ideale Voraussetzungen f\u00fcr einen gelungenen Tag \u2013 ganz im Zeichen des Fahrsports.<span class=\"Apple-converted-space\">\u00a0<\/span><\/p>\n<p class=\"p2\">Kaum war der Turnierplatz abgebaut, stand bereits das n\u00e4chste Highlight auf dem Vereinskalender: Am Sonntag, den 4. Oktober 2025, veranstaltete der RuF Greffen seine 4. Orientierungsfahrt durch die herbstlichen Landschaften rund um Greffen. Dabei machten sich 16 Gespanne auf eine originelle und humorvolle \u201eReise durch das Jahr\u201c.<span class=\"Apple-converted-space\">\u00a0<\/span><\/p>\n<p class=\"p2\">An verschiedenen, thematisch gestalteten Stationen entlang der gut ausgeschilderten Strecke waren kleine Spiele und Quizaufgaben zu meistern. So wurden die Teilnehmerinnen und Teilnehmer mitten im Herbst pl\u00f6tzlich mit einem fr\u00f6hlichen \u201eHelau!\u201c an der Karnevalsstation empfangen \u2013 Cowboyhut und Wasserpistole inklusive. Weiter ging es durch den Fr\u00fchling mit Osterfest, in den Sommer, \u00fcber den Herbst bis hin zur gro\u00dfen Weihnachtsstation auf dem Fahrplatz. Dort hie\u00df es: K\u00fcchensch\u00fcrze an, weihnachtlichen Kopfschmuck auf und Weihnachtsb\u00e4ume mit Kugeln schm\u00fccken \u2013 nat\u00fcrlich mit dicken Backhandschuhen. Zur Belohnung gab es stilecht Lebkuchen.<span class=\"Apple-converted-space\">\u00a0<\/span><\/p>\n<p class=\"p2\">Den Abschluss bildete eine kleine Siegerehrung im Rahmen einer Silvesterparty. Alle Gespanne erhielten einen Ehrenpreis, und diejenigen, die sich besonders erfolgreich durchs \u201eJahr\u201c man\u00f6vriert hatten, wurden besonders ausgezeichnet.<span class=\"Apple-converted-space\">\u00a0<\/span><\/p>\n<p class=\"p2\">Parallel dazu startete im Oktober auch wieder der j\u00e4hrliche Fahrkurs des Vereins. Neun Interessierte lassen sich aktuell in Theorie und Praxis rund ums Kutschefahren ausbilden. Der RuF Greffen bietet diese Kurse bereits seit vielen Jahren an \u2013 nicht selten sieht man ehemalige Kursteilnehmer heute aktiv bei den Fahrertagen oder der Orientierungsfahrt.<span class=\"Apple-converted-space\">\u00a0<\/span><\/p>\n<p class=\"p2\">Und der Herbst hat noch mehr zu bieten: Ende Oktober folgt die vereinsinterne Meisterschaft, im November eine gemeinsame Ausfahrt mit einem befreundeten Verein.<span class=\"Apple-converted-space\">\u00a0<\/span><\/p>\n<p class=\"p2\">Wer Lust hat, die Welt einmal vom Kutschbock aus zu entdecken, ist herzlich eingeladen, Kontakt mit dem Vorstand des Reit- und Fahrvereins Greffen aufzunehmen. Der Verein freut sich \u00fcber neue Gesichter \u2013 ob als Zuschauer, Teilnehmer oder Mitgestalter.<span class=\"Apple-converted-space\">\u00a0<\/span><\/p>\n<p><img loading=\"lazy\" decoding=\"async\" class=\"alignnone size-full wp-image-12100\" src=\"https:\/\/www.marktplatz-hsw.de\/wp-content\/uploads\/2025\/10\/Durch-die-herbstlichen-Waelder.jpg\" alt=\"\" width=\"1000\" height=\"1333\" srcset=\"https:\/\/www.marktplatz-hsw.de\/wp-content\/uploads\/2025\/10\/Durch-die-herbstlichen-Waelder.jpg 1000w, https:\/\/www.marktplatz-hsw.de\/wp-content\/uploads\/2025\/10\/Durch-die-herbstlichen-Waelder-225x300.jpg 225w, https:\/\/www.marktplatz-hsw.de\/wp-content\/uploads\/2025\/10\/Durch-die-herbstlichen-Waelder-768x1024.jpg 768w\" sizes=\"auto, (max-width: 1000px) 100vw, 1000px\" \/> <img loading=\"lazy\" decoding=\"async\" class=\"alignnone size-full wp-image-12101\" src=\"https:\/\/www.marktplatz-hsw.de\/wp-content\/uploads\/2025\/10\/Gruppenfoto-Orientierungsfahrt.jpg\" alt=\"\" width=\"1000\" height=\"486\" srcset=\"https:\/\/www.marktplatz-hsw.de\/wp-content\/uploads\/2025\/10\/Gruppenfoto-Orientierungsfahrt.jpg 1000w, https:\/\/www.marktplatz-hsw.de\/wp-content\/uploads\/2025\/10\/Gruppenfoto-Orientierungsfahrt-300x146.jpg 300w, https:\/\/www.marktplatz-hsw.de\/wp-content\/uploads\/2025\/10\/Gruppenfoto-Orientierungsfahrt-768x373.jpg 768w\" sizes=\"auto, (max-width: 1000px) 100vw, 1000px\" \/> <img loading=\"lazy\" decoding=\"async\" class=\"alignnone size-full wp-image-12102\" src=\"https:\/\/www.marktplatz-hsw.de\/wp-content\/uploads\/2025\/10\/Karneval-im-Herbst.jpg\" alt=\"\" width=\"1000\" height=\"1333\" srcset=\"https:\/\/www.marktplatz-hsw.de\/wp-content\/uploads\/2025\/10\/Karneval-im-Herbst.jpg 1000w, https:\/\/www.marktplatz-hsw.de\/wp-content\/uploads\/2025\/10\/Karneval-im-Herbst-225x300.jpg 225w, https:\/\/www.marktplatz-hsw.de\/wp-content\/uploads\/2025\/10\/Karneval-im-Herbst-768x1024.jpg 768w\" sizes=\"auto, (max-width: 1000px) 100vw, 1000px\" \/> <img loading=\"lazy\" decoding=\"async\" class=\"alignnone size-full wp-image-12103\" src=\"https:\/\/www.marktplatz-hsw.de\/wp-content\/uploads\/2025\/10\/Klein-aber-Flott.jpg\" alt=\"\" width=\"1000\" height=\"750\" srcset=\"https:\/\/www.marktplatz-hsw.de\/wp-content\/uploads\/2025\/10\/Klein-aber-Flott.jpg 1000w, https:\/\/www.marktplatz-hsw.de\/wp-content\/uploads\/2025\/10\/Klein-aber-Flott-300x225.jpg 300w, https:\/\/www.marktplatz-hsw.de\/wp-content\/uploads\/2025\/10\/Klein-aber-Flott-768x576.jpg 768w, https:\/\/www.marktplatz-hsw.de\/wp-content\/uploads\/2025\/10\/Klein-aber-Flott-678x509.jpg 678w, https:\/\/www.marktplatz-hsw.de\/wp-content\/uploads\/2025\/10\/Klein-aber-Flott-326x245.jpg 326w, https:\/\/www.marktplatz-hsw.de\/wp-content\/uploads\/2025\/10\/Klein-aber-Flott-80x60.jpg 80w\" sizes=\"auto, (max-width: 1000px) 100vw, 1000px\" \/> <img loading=\"lazy\" decoding=\"async\" class=\"alignnone size-full wp-image-12104\" src=\"https:\/\/www.marktplatz-hsw.de\/wp-content\/uploads\/2025\/10\/Siegerehrung-Fahrertag-Vereinsmitglied-Julian-Schicht-und-Dobby.jpg\" alt=\"\" width=\"1000\" height=\"750\" srcset=\"https:\/\/www.marktplatz-hsw.de\/wp-content\/uploads\/2025\/10\/Siegerehrung-Fahrertag-Vereinsmitglied-Julian-Schicht-und-Dobby.jpg 1000w, https:\/\/www.marktplatz-hsw.de\/wp-content\/uploads\/2025\/10\/Siegerehrung-Fahrertag-Vereinsmitglied-Julian-Schicht-und-Dobby-300x225.jpg 300w, https:\/\/www.marktplatz-hsw.de\/wp-content\/uploads\/2025\/10\/Siegerehrung-Fahrertag-Vereinsmitglied-Julian-Schicht-und-Dobby-768x576.jpg 768w, https:\/\/www.marktplatz-hsw.de\/wp-content\/uploads\/2025\/10\/Siegerehrung-Fahrertag-Vereinsmitglied-Julian-Schicht-und-Dobby-678x509.jpg 678w, https:\/\/www.marktplatz-hsw.de\/wp-content\/uploads\/2025\/10\/Siegerehrung-Fahrertag-Vereinsmitglied-Julian-Schicht-und-Dobby-326x245.jpg 326w, https:\/\/www.marktplatz-hsw.de\/wp-content\/uploads\/2025\/10\/Siegerehrung-Fahrertag-Vereinsmitglied-Julian-Schicht-und-Dobby-80x60.jpg 80w\" sizes=\"auto, (max-width: 1000px) 100vw, 1000px\" \/><\/p>\n<p>Foto: Reit- und Fahrverein Greffen e.V.<\/p>\n","protected":false},"excerpt":{"rendered":"<div class=\"mh-excerpt\"><p>Beim Reit- und Fahrverein Greffen e.V. ist im Herbst diesen Jahres einiges los &#8211; und das Programm k\u00f6nnte abwechslungsreicher kaum sein.\u00a0 Den Auftakt bildete am 21. September 2025 der WBO-Fahrertag: ein Turniertag f\u00fcr junge Fahrerinnen und Fahrer, Fahranf\u00e4nger sowie junge Pferde. In verschiedenen Pr\u00fcfungen konnten die Teilnehmenden ihr K\u00f6nnen unter Beweis stellen und wertvolle Turniererfahrungen <a class=\"mh-excerpt-more\" href=\"https:\/\/www.marktplatz-hsw.de\/index.php\/2025\/10\/13\/viel-los-im-herbst-beim-reit-und-fahrverein-greffen-e-v\/\" title=\"Viel los im Herbst \u2013 beim Reit- und Fahrverein Greffen e.V.\u00a0\">[&#8230;]<\/a><\/p>\n<\/div>","protected":false},"author":1,"featured_media":12101,"comment_status":"closed","ping_status":"closed","sticky":false,"template":"","format":"standard","meta":{"footnotes":""},"categories":[5],"tags":[],"class_list":["post-12099","post","type-post","status-publish","format-standard","has-post-thumbnail","hentry","category-greffen"],"_links":{"self":[{"href":"https:\/\/www.marktplatz-hsw.de\/index.php\/wp-json\/wp\/v2\/posts\/12099","targetHints":{"allow":["GET"]}}],"collection":[{"href":"https:\/\/www.marktplatz-hsw.de\/index.php\/wp-json\/wp\/v2\/posts"}],"about":[{"href":"https:\/\/www.marktplatz-hsw.de\/index.php\/wp-json\/wp\/v2\/types\/post"}],"author":[{"embeddable":true,"href":"https:\/\/www.marktplatz-hsw.de\/index.php\/wp-json\/wp\/v2\/users\/1"}],"replies":[{"embeddable":true,"href":"https:\/\/www.marktplatz-hsw.de\/index.php\/wp-json\/wp\/v2\/comments?post=12099"}],"version-history":[{"count":2,"href":"https:\/\/www.marktplatz-hsw.de\/index.php\/wp-json\/wp\/v2\/posts\/12099\/revisions"}],"predecessor-version":[{"id":12106,"href":"https:\/\/www.marktplatz-hsw.de\/index.php\/wp-json\/wp\/v2\/posts\/12099\/revisions\/12106"}],"wp:featuredmedia":[{"embeddable":true,"href":"https:\/\/www.marktplatz-hsw.de\/index.php\/wp-json\/wp\/v2\/media\/12101"}],"wp:attachment":[{"href":"https:\/\/www.marktplatz-hsw.de\/index.php\/wp-json\/wp\/v2\/media?parent=12099"}],"wp:term":[{"taxonomy":"category","embeddable":true,"href":"https:\/\/www.marktplatz-hsw.de\/index.php\/wp-json\/wp\/v2\/categories?post=12099"},{"taxonomy":"post_tag","embeddable":true,"href":"https:\/\/www.marktplatz-hsw.de\/index.php\/wp-json\/wp\/v2\/tags?post=12099"}],"curies":[{"name":"wp","href":"https:\/\/api.w.org\/{rel}","templated":true}]}}