{"id":12113,"date":"2025-10-14T14:50:58","date_gmt":"2025-10-14T12:50:58","guid":{"rendered":"https:\/\/www.marktplatz-hsw.de\/?p=12113"},"modified":"2025-10-14T14:50:58","modified_gmt":"2025-10-14T12:50:58","slug":"zehnte-runde-der-klostergespraeche-auf-auf-zum-froehlichen-jagen","status":"publish","type":"post","link":"https:\/\/www.marktplatz-hsw.de\/index.php\/2025\/10\/14\/zehnte-runde-der-klostergespraeche-auf-auf-zum-froehlichen-jagen\/","title":{"rendered":"Zehnte Runde der Klostergespr\u00e4che: Auf, auf zum fr\u00f6hlichen Jagen&#8230;"},"content":{"rendered":"<p class=\"p2\"><b>Horrido! Ist das wirklich so? <\/b>Am Dienstag, 21. Oktober 25, wird die zehnte Runde der Marienfelder Klostergespr\u00e4che er\u00f6ffnet. Im B\u00fcrgerhaus an der Klosterstra\u00dfe wird im ersten Thema dieser Reihe \u00fcber das J\u00e4gerleben berichtet und diskutiert.<span class=\"Apple-converted-space\">\u00a0<\/span><\/p>\n<p class=\"p2\">Um 19:30 Uhr f\u00fchren der Hegeringsleiter f\u00fcr die Stadt Harsewinkel, Rolf Bellmann, der auch Stellvertretender Kreisvorsitzender ist, und sein Jagdkollege, Julian Austermann, mit ihrer Darstellung in den neunzig Minuten umfassenden Abend ein. Die beiden aktiven J\u00e4ger sprechen in diesem Zusammenhang zun\u00e4chst die vielf\u00e4ltigen Aufgaben und Herausforderungen des J\u00e4gerlebens in der Natur und f\u00fcr die Natur an. Sodann werden Fragen und Anregungen aufgenommen und besprochen.<\/p>\n<p><img loading=\"lazy\" decoding=\"async\" class=\"alignnone size-full wp-image-12114\" src=\"https:\/\/www.marktplatz-hsw.de\/wp-content\/uploads\/2025\/10\/2025.26-1-Kopie.jpg\" alt=\"\" width=\"1000\" height=\"528\" srcset=\"https:\/\/www.marktplatz-hsw.de\/wp-content\/uploads\/2025\/10\/2025.26-1-Kopie.jpg 1000w, https:\/\/www.marktplatz-hsw.de\/wp-content\/uploads\/2025\/10\/2025.26-1-Kopie-300x158.jpg 300w, https:\/\/www.marktplatz-hsw.de\/wp-content\/uploads\/2025\/10\/2025.26-1-Kopie-768x406.jpg 768w\" sizes=\"auto, (max-width: 1000px) 100vw, 1000px\" \/><\/p>\n<p>Die Marienfelder Klostergespr\u00e4che gehen in die zehnte Runde. Die Mitwirkenden in unserer Gruppe sind v.l.n.r. Michael Kirk, Hermann Hecker, Karin Kirchner, Albrecht Pf\u00f6rtner,\u00a0 \u00a0Norbert Daut und Sonja Thiemt. Den Fototermin konnten Martin Liebschwager und Dr. Barbara Fl\u00f6totte nicht wahrnehmen.<\/p>\n<p>&nbsp;<\/p>\n<p>Hier finden Sie das ausf\u00fchrliche Programm der Marienfelder Klostergespr\u00e4che zum Download: <a href=\"https:\/\/www.marktplatz-hsw.de\/wp-content\/uploads\/2025\/10\/Flyer-2025.26.pdf\">Programm 2025\/26<\/a><\/p>\n<p>&nbsp;<\/p>\n","protected":false},"excerpt":{"rendered":"<div class=\"mh-excerpt\"><p>Horrido! Ist das wirklich so? Am Dienstag, 21. Oktober 25, wird die zehnte Runde der Marienfelder Klostergespr\u00e4che er\u00f6ffnet. Im B\u00fcrgerhaus an der Klosterstra\u00dfe wird im ersten Thema dieser Reihe \u00fcber das J\u00e4gerleben berichtet und diskutiert.\u00a0 Um 19:30 Uhr f\u00fchren der Hegeringsleiter f\u00fcr die Stadt Harsewinkel, Rolf Bellmann, der auch Stellvertretender Kreisvorsitzender ist, und sein Jagdkollege, <a class=\"mh-excerpt-more\" href=\"https:\/\/www.marktplatz-hsw.de\/index.php\/2025\/10\/14\/zehnte-runde-der-klostergespraeche-auf-auf-zum-froehlichen-jagen\/\" title=\"Zehnte Runde der Klostergespr\u00e4che: Auf, auf zum fr\u00f6hlichen Jagen&#8230;\">[&#8230;]<\/a><\/p>\n<\/div>","protected":false},"author":1,"featured_media":12114,"comment_status":"closed","ping_status":"closed","sticky":false,"template":"","format":"standard","meta":{"footnotes":""},"categories":[4],"tags":[],"class_list":["post-12113","post","type-post","status-publish","format-standard","has-post-thumbnail","hentry","category-marienfeld"],"_links":{"self":[{"href":"https:\/\/www.marktplatz-hsw.de\/index.php\/wp-json\/wp\/v2\/posts\/12113","targetHints":{"allow":["GET"]}}],"collection":[{"href":"https:\/\/www.marktplatz-hsw.de\/index.php\/wp-json\/wp\/v2\/posts"}],"about":[{"href":"https:\/\/www.marktplatz-hsw.de\/index.php\/wp-json\/wp\/v2\/types\/post"}],"author":[{"embeddable":true,"href":"https:\/\/www.marktplatz-hsw.de\/index.php\/wp-json\/wp\/v2\/users\/1"}],"replies":[{"embeddable":true,"href":"https:\/\/www.marktplatz-hsw.de\/index.php\/wp-json\/wp\/v2\/comments?post=12113"}],"version-history":[{"count":1,"href":"https:\/\/www.marktplatz-hsw.de\/index.php\/wp-json\/wp\/v2\/posts\/12113\/revisions"}],"predecessor-version":[{"id":12116,"href":"https:\/\/www.marktplatz-hsw.de\/index.php\/wp-json\/wp\/v2\/posts\/12113\/revisions\/12116"}],"wp:featuredmedia":[{"embeddable":true,"href":"https:\/\/www.marktplatz-hsw.de\/index.php\/wp-json\/wp\/v2\/media\/12114"}],"wp:attachment":[{"href":"https:\/\/www.marktplatz-hsw.de\/index.php\/wp-json\/wp\/v2\/media?parent=12113"}],"wp:term":[{"taxonomy":"category","embeddable":true,"href":"https:\/\/www.marktplatz-hsw.de\/index.php\/wp-json\/wp\/v2\/categories?post=12113"},{"taxonomy":"post_tag","embeddable":true,"href":"https:\/\/www.marktplatz-hsw.de\/index.php\/wp-json\/wp\/v2\/tags?post=12113"}],"curies":[{"name":"wp","href":"https:\/\/api.w.org\/{rel}","templated":true}]}}