{"id":12334,"date":"2025-11-13T15:08:20","date_gmt":"2025-11-13T14:08:20","guid":{"rendered":"https:\/\/www.marktplatz-hsw.de\/?p=12334"},"modified":"2025-11-13T15:08:20","modified_gmt":"2025-11-13T14:08:20","slug":"blumentoepfe-werden-teilweise-vorlaeufig-aus-der-innenstadt-entfernt","status":"publish","type":"post","link":"https:\/\/www.marktplatz-hsw.de\/index.php\/2025\/11\/13\/blumentoepfe-werden-teilweise-vorlaeufig-aus-der-innenstadt-entfernt\/","title":{"rendered":"Blument\u00f6pfe werden teilweise vorl\u00e4ufig aus der Innenstadt entfernt"},"content":{"rendered":"<p><em>Die B\u00fcrgermeisterin der Stadt Harsewinkel, Pamela Westmeyer, hat im Rahmen eines Gesch\u00e4ftes der laufenden Verwaltung entschieden, dass in den kommenden Tagen die meisten Blument\u00f6pfe aus der Innenstadt entfernt und die Parkpl\u00e4tze wieder freigeben werden, bis die beschlossenen Anpflanzungen vorgenommen werden.<\/em><\/p>\n<p>Im Rahmen dieser Ma\u00dfnahme bleiben zwei Standorte allerdings bestehen:<\/p>\n<p>1.)\u00a0\u00a0 Der Blumentopf vor dem Ege-Markt, weil die aktuelle Beschlusslage seinen Verbleib vorschreibt.<\/p>\n<p>2.)\u00a0\u00a0 Der Blumentopf auf dem Parkplatz in Brentrups Garten bleibt erhalten, da er die Zufahrt zu einem Privatgrundst\u00fcck freih\u00e4lt und damit eine wichtige Funktion hat.<\/p>\n<p>Ebenso verbleiben die Sitzm\u00f6bel und die Fahrradst\u00e4nder, die im Rahmen des Verkehrsversuchs aufgestellt worden sind. Alle weiteren Pflanzt\u00f6pfe in der Innenstadt werden in den n\u00e4chsten Tagen durch den Bauhof von den Stellpl\u00e4tzen entfernt.<\/p>\n<p>Eine sinnvolle und ansprechende Anschlussverwendung der T\u00f6pfe f\u00fcr die Begr\u00fcnung im \u00f6ffentlichen Raum wird f\u00fcr das Fr\u00fchjahr vorbereitet. Denkbar ist der Einsatz, der zwingend im Sanierungsgebiet zu erfolgen hat, z.B. im Moddenbachtal oder in der Fu\u00dfg\u00e4ngerzone. Eine enge Absprache mit der Werbegemeinschaft hierzu ist geplant.<\/p>\n<p>Das Stadtmarketing ist zudem gebeten worden, zusammen mit der Werbegemeinschaft zu pr\u00fcfen, ob eine optisch ansprechende Verwendung <strong>f\u00fcr einen Teil der T\u00f6pfe<\/strong> zum Weihnachtsmarkt\/zur Weihnachtszeit in der Innenstadt erfolgen kann.<\/p>\n<p>Hintergrund der Entscheidung ist die Tatsache, dass eine Anpflanzung der B\u00e4ume vor dem Winter nicht erfolgen wird und ohnehin die meisten der geplanten B\u00e4ume erst zu einem sp\u00e4teren Zeitpunkt gepflanzt werden sollen. Der Verkehrsversuch ist hingegen abgeschlossen, ebenso der politische Entscheidungsprozess.<\/p>\n<p>Es ist deshalb nicht l\u00e4nger angezeigt, die Parkpl\u00e4tze nach Abschluss der Testphase weiterhin zu sperren, und den Parkraum ohne Not k\u00fcnstlich zu verknappen, insbesondere weil das Weihnachtsgesch\u00e4ft ansteht und im Winter traditionell mehr PKW in der Stadt anzutreffen sind.<\/p>\n<p>Die Anpflanzung der vier auf dem Rathausvorplatz geplanten B\u00e4ume wird im Fr\u00fchjahr 2026 nach den Karnevalstagen erfolgen.<\/p>\n<p><strong>Die B\u00fcrgermeisterin weist darauf hin, dass mit dieser Ma\u00dfnahme an der aktuellen Beschlusslage des Rates, dass an den durch die Blumenk\u00fcbel markierten Stellen im Rahmen des ISEK-Verfahrens perspektivisch B\u00e4ume gepflanzt werden sollen, ausdr\u00fccklich nicht ger\u00fcttelt werden soll.<\/strong><\/p>\n<p>Grundlage ist vielmehr die aktuelle Beschlusslage des Rates, die eine Anpassung der bestehenden Beschl\u00fcsse nicht erforderlich macht.<\/p>\n","protected":false},"excerpt":{"rendered":"<div class=\"mh-excerpt\"><p>Die B\u00fcrgermeisterin der Stadt Harsewinkel, Pamela Westmeyer, hat im Rahmen eines Gesch\u00e4ftes der laufenden Verwaltung entschieden, dass in den kommenden Tagen die meisten Blument\u00f6pfe aus der Innenstadt entfernt und die Parkpl\u00e4tze wieder freigeben werden, bis die beschlossenen Anpflanzungen vorgenommen werden. Im Rahmen dieser Ma\u00dfnahme bleiben zwei Standorte allerdings bestehen: 1.)\u00a0\u00a0 Der Blumentopf vor dem Ege-Markt, <a class=\"mh-excerpt-more\" href=\"https:\/\/www.marktplatz-hsw.de\/index.php\/2025\/11\/13\/blumentoepfe-werden-teilweise-vorlaeufig-aus-der-innenstadt-entfernt\/\" title=\"Blument\u00f6pfe werden teilweise vorl\u00e4ufig aus der Innenstadt entfernt\">[&#8230;]<\/a><\/p>\n<\/div>","protected":false},"author":1,"featured_media":9231,"comment_status":"closed","ping_status":"closed","sticky":false,"template":"","format":"standard","meta":{"footnotes":""},"categories":[3],"tags":[],"class_list":["post-12334","post","type-post","status-publish","format-standard","has-post-thumbnail","hentry","category-harsewinkel"],"_links":{"self":[{"href":"https:\/\/www.marktplatz-hsw.de\/index.php\/wp-json\/wp\/v2\/posts\/12334","targetHints":{"allow":["GET"]}}],"collection":[{"href":"https:\/\/www.marktplatz-hsw.de\/index.php\/wp-json\/wp\/v2\/posts"}],"about":[{"href":"https:\/\/www.marktplatz-hsw.de\/index.php\/wp-json\/wp\/v2\/types\/post"}],"author":[{"embeddable":true,"href":"https:\/\/www.marktplatz-hsw.de\/index.php\/wp-json\/wp\/v2\/users\/1"}],"replies":[{"embeddable":true,"href":"https:\/\/www.marktplatz-hsw.de\/index.php\/wp-json\/wp\/v2\/comments?post=12334"}],"version-history":[{"count":1,"href":"https:\/\/www.marktplatz-hsw.de\/index.php\/wp-json\/wp\/v2\/posts\/12334\/revisions"}],"predecessor-version":[{"id":12335,"href":"https:\/\/www.marktplatz-hsw.de\/index.php\/wp-json\/wp\/v2\/posts\/12334\/revisions\/12335"}],"wp:featuredmedia":[{"embeddable":true,"href":"https:\/\/www.marktplatz-hsw.de\/index.php\/wp-json\/wp\/v2\/media\/9231"}],"wp:attachment":[{"href":"https:\/\/www.marktplatz-hsw.de\/index.php\/wp-json\/wp\/v2\/media?parent=12334"}],"wp:term":[{"taxonomy":"category","embeddable":true,"href":"https:\/\/www.marktplatz-hsw.de\/index.php\/wp-json\/wp\/v2\/categories?post=12334"},{"taxonomy":"post_tag","embeddable":true,"href":"https:\/\/www.marktplatz-hsw.de\/index.php\/wp-json\/wp\/v2\/tags?post=12334"}],"curies":[{"name":"wp","href":"https:\/\/api.w.org\/{rel}","templated":true}]}}