{"id":12336,"date":"2025-11-13T15:10:23","date_gmt":"2025-11-13T14:10:23","guid":{"rendered":"https:\/\/www.marktplatz-hsw.de\/?p=12336"},"modified":"2025-11-13T15:10:23","modified_gmt":"2025-11-13T14:10:23","slug":"das-marktcafe-des-awo-ortsvereins-harsewinkel-ein-ort-der-begegnung","status":"publish","type":"post","link":"https:\/\/www.marktplatz-hsw.de\/index.php\/2025\/11\/13\/das-marktcafe-des-awo-ortsvereins-harsewinkel-ein-ort-der-begegnung\/","title":{"rendered":"Das Marktcaf\u00e9 des AWO-Ortsvereins Harsewinkel \u2013 Ein Ort der Begegnung"},"content":{"rendered":"<p class=\"p1\">Jeden Dienstag \u00f6ffnet das Marktcaf\u00e9 des AWO-Ortsvereins Harsewinkel seine T\u00fcren im Wilhalm. Das Caf\u00e9 ist weit mehr als ein Ort f\u00fcr Kaffee und Kuchen. Es ist ein Treffpunkt f\u00fcr Seniorinnen und Senioren, um miteinander ins Gespr\u00e4ch zu kommen und neue Kontakte zu kn\u00fcpfen.<\/p>\n<p class=\"p1\">Das engagierte, ehrenamtliche Team steht mit Leidenschaft und Herzblut hinter dem Projekt. \u201eEinsamkeit ist ein gesamtgesellschaftliches Thema\u201c, betont Ulrich Weidlich, Vorsitzender des AWO-Ortsvereins. Genau hier setzt das Marktcaf\u00e9 an: Es schafft Raum f\u00fcr Begegnung und Austausch.<\/p>\n<p class=\"p1\">Die Sparkassenstiftung hat die nachhaltige Wirkung dieses Projekts erkannt und das Marktcaf\u00e9 mit einer Spende unterst\u00fctzt. \u201eEin gro\u00dfes Danke an die Sparkassenstiftung. Wir freuen uns \u00fcber die Unterst\u00fctzung\u201c, bedankt sich Ulrich Weidlich bei Herrn Ulrich Kniesel von der Sparkassenstiftung.<\/p>\n<p class=\"p1\">Auch f\u00fcr die Zukunft gibt es spannende Pl\u00e4ne: Besondere Highlights sollen das Angebot bereichern. Bereits jetzt war der AWO-Kindergarten zu Besuch. Ein gelungener Auftakt f\u00fcr das Thema \u201eJung und Alt\u201c, das k\u00fcnftig eine wichtige Rolle im Marktcaf\u00e9 spielen wird.<\/p>\n<p><img loading=\"lazy\" decoding=\"async\" class=\"alignnone size-full wp-image-77433\" src=\"https:\/\/derspoekenkieker.de\/wp-content\/uploads\/2025\/11\/Foto-Marktcafe-Kopie.jpg\" alt=\"\" width=\"1000\" height=\"525\" \/><\/p>\n<p class=\"p1\">v.l. Ehrenamtliche Team: Ulrich Weidlich, Ursula Wrzeciona, Helga Schulmann-Wippenhohn, Anne Virgo sowie Julia Kelp (AWO Fachberatung Senioren-und Ehrenamtsarbeit) und Ulrich Kniesel (Sparkassenstiftung)<\/p>\n<p>Foto: AWO<\/p>\n","protected":false},"excerpt":{"rendered":"<div class=\"mh-excerpt\"><p>Jeden Dienstag \u00f6ffnet das Marktcaf\u00e9 des AWO-Ortsvereins Harsewinkel seine T\u00fcren im Wilhalm. Das Caf\u00e9 ist weit mehr als ein Ort f\u00fcr Kaffee und Kuchen. Es ist ein Treffpunkt f\u00fcr Seniorinnen und Senioren, um miteinander ins Gespr\u00e4ch zu kommen und neue Kontakte zu kn\u00fcpfen. Das engagierte, ehrenamtliche Team steht mit Leidenschaft und Herzblut hinter dem Projekt. <a class=\"mh-excerpt-more\" href=\"https:\/\/www.marktplatz-hsw.de\/index.php\/2025\/11\/13\/das-marktcafe-des-awo-ortsvereins-harsewinkel-ein-ort-der-begegnung\/\" title=\"Das Marktcaf\u00e9 des AWO-Ortsvereins Harsewinkel \u2013 Ein Ort der Begegnung\">[&#8230;]<\/a><\/p>\n<\/div>","protected":false},"author":1,"featured_media":12337,"comment_status":"closed","ping_status":"closed","sticky":false,"template":"","format":"standard","meta":{"footnotes":""},"categories":[3],"tags":[],"class_list":["post-12336","post","type-post","status-publish","format-standard","has-post-thumbnail","hentry","category-harsewinkel"],"_links":{"self":[{"href":"https:\/\/www.marktplatz-hsw.de\/index.php\/wp-json\/wp\/v2\/posts\/12336","targetHints":{"allow":["GET"]}}],"collection":[{"href":"https:\/\/www.marktplatz-hsw.de\/index.php\/wp-json\/wp\/v2\/posts"}],"about":[{"href":"https:\/\/www.marktplatz-hsw.de\/index.php\/wp-json\/wp\/v2\/types\/post"}],"author":[{"embeddable":true,"href":"https:\/\/www.marktplatz-hsw.de\/index.php\/wp-json\/wp\/v2\/users\/1"}],"replies":[{"embeddable":true,"href":"https:\/\/www.marktplatz-hsw.de\/index.php\/wp-json\/wp\/v2\/comments?post=12336"}],"version-history":[{"count":1,"href":"https:\/\/www.marktplatz-hsw.de\/index.php\/wp-json\/wp\/v2\/posts\/12336\/revisions"}],"predecessor-version":[{"id":12338,"href":"https:\/\/www.marktplatz-hsw.de\/index.php\/wp-json\/wp\/v2\/posts\/12336\/revisions\/12338"}],"wp:featuredmedia":[{"embeddable":true,"href":"https:\/\/www.marktplatz-hsw.de\/index.php\/wp-json\/wp\/v2\/media\/12337"}],"wp:attachment":[{"href":"https:\/\/www.marktplatz-hsw.de\/index.php\/wp-json\/wp\/v2\/media?parent=12336"}],"wp:term":[{"taxonomy":"category","embeddable":true,"href":"https:\/\/www.marktplatz-hsw.de\/index.php\/wp-json\/wp\/v2\/categories?post=12336"},{"taxonomy":"post_tag","embeddable":true,"href":"https:\/\/www.marktplatz-hsw.de\/index.php\/wp-json\/wp\/v2\/tags?post=12336"}],"curies":[{"name":"wp","href":"https:\/\/api.w.org\/{rel}","templated":true}]}}