{"id":12339,"date":"2025-11-14T09:26:36","date_gmt":"2025-11-14T08:26:36","guid":{"rendered":"https:\/\/www.marktplatz-hsw.de\/?p=12339"},"modified":"2025-11-14T09:26:36","modified_gmt":"2025-11-14T08:26:36","slug":"sperrung-klosterstrasse-verlaengerung-bis-voraussichtlich-freitag-den-21-november-2025","status":"publish","type":"post","link":"https:\/\/www.marktplatz-hsw.de\/index.php\/2025\/11\/14\/sperrung-klosterstrasse-verlaengerung-bis-voraussichtlich-freitag-den-21-november-2025\/","title":{"rendered":"Sperrung Klosterstra\u00dfe: Verl\u00e4ngerung bis voraussichtlich Freitag, den 21. November 2025"},"content":{"rendered":"<p><em>Die Stadtverwaltung Harsewinkel teilt mit, dass die derzeitige Vollsperrung der Klosterstra\u00dfe in Marienfeld aufgrund der aktuellen Wetterverh\u00e4ltnisse noch bis voraussichtlich Freitag, den 21. November 2025, bestehen bleibt.<br \/>\n<\/em>Hintergrund der Verl\u00e4ngerung sind wetterbedingte, unvorhersehbare Schwierigkeiten beim Stra\u00dfenaufbau, insbesondere beim Einbau des Asphalts. Aus diesem Grund k\u00f6nnen die laufenden Arbeiten derzeit nicht wie geplant abgeschlossen werden.<\/p>\n<p>Die Klosterstra\u00dfe bleibt daher weiterhin auf H\u00f6he der Hausnummern 10\/12 voll gesperrt. Die Sperrung betrifft sowohl den Kraftfahrzeugverkehr als auch Fu\u00dfg\u00e4ngerinnen und Fu\u00dfg\u00e4nger sowie Radfahrende. Eine Umleitung f\u00fcr die jeweiligen Verkehrsteilnehmenden ist eingerichtet und ausgeschildert.<\/p>\n<p>Urspr\u00fcnglich war vorgesehen, die Arbeiten bis Freitag, den 14. November 2025, abzuschlie\u00dfen und die Klosterstra\u00dfe wieder f\u00fcr den Verkehr freizugeben.<\/p>\n<p>Die Stadtverwaltung Harsewinkel bittet alle Verkehrsteilnehmenden um Verst\u00e4ndnis f\u00fcr die notwendigen Bauarbeiten und die damit verbundenen Einschr\u00e4nkungen.<\/p>\n","protected":false},"excerpt":{"rendered":"<div class=\"mh-excerpt\"><p>Die Stadtverwaltung Harsewinkel teilt mit, dass die derzeitige Vollsperrung der Klosterstra\u00dfe in Marienfeld aufgrund der aktuellen Wetterverh\u00e4ltnisse noch bis voraussichtlich Freitag, den 21. November 2025, bestehen bleibt. Hintergrund der Verl\u00e4ngerung sind wetterbedingte, unvorhersehbare Schwierigkeiten beim Stra\u00dfenaufbau, insbesondere beim Einbau des Asphalts. Aus diesem Grund k\u00f6nnen die laufenden Arbeiten derzeit nicht wie geplant abgeschlossen werden. Die <a class=\"mh-excerpt-more\" href=\"https:\/\/www.marktplatz-hsw.de\/index.php\/2025\/11\/14\/sperrung-klosterstrasse-verlaengerung-bis-voraussichtlich-freitag-den-21-november-2025\/\" title=\"Sperrung Klosterstra\u00dfe: Verl\u00e4ngerung bis voraussichtlich Freitag, den 21. November 2025\">[&#8230;]<\/a><\/p>\n<\/div>","protected":false},"author":1,"featured_media":3332,"comment_status":"closed","ping_status":"closed","sticky":false,"template":"","format":"standard","meta":{"footnotes":""},"categories":[3],"tags":[],"class_list":["post-12339","post","type-post","status-publish","format-standard","has-post-thumbnail","hentry","category-harsewinkel"],"_links":{"self":[{"href":"https:\/\/www.marktplatz-hsw.de\/index.php\/wp-json\/wp\/v2\/posts\/12339","targetHints":{"allow":["GET"]}}],"collection":[{"href":"https:\/\/www.marktplatz-hsw.de\/index.php\/wp-json\/wp\/v2\/posts"}],"about":[{"href":"https:\/\/www.marktplatz-hsw.de\/index.php\/wp-json\/wp\/v2\/types\/post"}],"author":[{"embeddable":true,"href":"https:\/\/www.marktplatz-hsw.de\/index.php\/wp-json\/wp\/v2\/users\/1"}],"replies":[{"embeddable":true,"href":"https:\/\/www.marktplatz-hsw.de\/index.php\/wp-json\/wp\/v2\/comments?post=12339"}],"version-history":[{"count":1,"href":"https:\/\/www.marktplatz-hsw.de\/index.php\/wp-json\/wp\/v2\/posts\/12339\/revisions"}],"predecessor-version":[{"id":12340,"href":"https:\/\/www.marktplatz-hsw.de\/index.php\/wp-json\/wp\/v2\/posts\/12339\/revisions\/12340"}],"wp:featuredmedia":[{"embeddable":true,"href":"https:\/\/www.marktplatz-hsw.de\/index.php\/wp-json\/wp\/v2\/media\/3332"}],"wp:attachment":[{"href":"https:\/\/www.marktplatz-hsw.de\/index.php\/wp-json\/wp\/v2\/media?parent=12339"}],"wp:term":[{"taxonomy":"category","embeddable":true,"href":"https:\/\/www.marktplatz-hsw.de\/index.php\/wp-json\/wp\/v2\/categories?post=12339"},{"taxonomy":"post_tag","embeddable":true,"href":"https:\/\/www.marktplatz-hsw.de\/index.php\/wp-json\/wp\/v2\/tags?post=12339"}],"curies":[{"name":"wp","href":"https:\/\/api.w.org\/{rel}","templated":true}]}}