{"id":12392,"date":"2025-11-19T06:31:03","date_gmt":"2025-11-19T05:31:03","guid":{"rendered":"https:\/\/www.marktplatz-hsw.de\/?p=12392"},"modified":"2025-11-18T16:31:55","modified_gmt":"2025-11-18T15:31:55","slug":"kultur-raeume-guetersloh-das-programm-vom-01-bis-07-dezember-2025","status":"publish","type":"post","link":"https:\/\/www.marktplatz-hsw.de\/index.php\/2025\/11\/19\/kultur-raeume-guetersloh-das-programm-vom-01-bis-07-dezember-2025\/","title":{"rendered":"Kultur R\u00e4ume G\u00fctersloh: Das Programm vom 01. bis 07. Dezember 2025"},"content":{"rendered":"<p class=\"p9\"><b>Montag, 01. Dezember 2025, 08.45 &#8211; 09.45 Uhr und 10.45 &#8211; 11.45 Uhr<\/b><\/p>\n<p class=\"p9\"><b>Dienstag, 02. Dezember 2025, 08.45 &#8211; 09.45 Uhr und 10.45 &#8211; 11.45 Uhr<\/b><\/p>\n<p class=\"p9\"><b>Theater, Studiob\u00fchne<\/b><\/p>\n<p class=\"p9\">Kindertheater<\/p>\n<p class=\"p1\"><b>Murmels Reise<\/b><\/p>\n<p class=\"p9\">Erz\u00e4hltheater mit Figuren und Objekten<\/p>\n<p class=\"p9\">T-Werk<\/p>\n<p class=\"p9\">F\u00fcr Kinder ab 4 Jahre (Bitte beachten Sie die Hinweise zur Altersfreigabe)<\/p>\n<p class=\"p9\">Murmel sollte l\u00e4ngst Winterschlaf halten wie die ganze gro\u00dfe Murmeltier<span class=\"s1\">\u00ad<\/span>familie. Aber einmal aufgewacht, erscheint es ihm spannender, sich auf eine Entdeckungsreise zu fremden Orten und Landschaften zu begeben. Doch der Weg ist voller Gefahren, und der kleine Ausrei\u00dfer braucht nicht nur schlaue Ideen, sondern auch Freunde und etwas Gl\u00fcck, um im Fr\u00fchjahr wieder rechtzeitig zur\u00fcck zu sein.<\/p>\n<p class=\"p9\">\u201eMurmels Reise\u201c ist eine Einladung, die Welt auf spielerische Weise mit neuen Augen zu entdecken. Mit einer wandelbaren B\u00fchne und mit vielen visuellen \u00dcberraschungen werden die Abenteuer des kleinen Murmeltiers erz\u00e4hlt.<\/p>\n<p>&nbsp;<\/p>\n<p>&nbsp;<\/p>\n<p class=\"p9\"><b>Montag, 01. Dezember 2025, 19.30 Uhr<\/b><\/p>\n<p class=\"p9\"><b>Mittwoch, 03. Dezember 2025, 10.30 Uhr<\/b><\/p>\n<p class=\"p9\"><b>Theater, Theatersaal<\/b><\/p>\n<p class=\"p9\">Jugendtheater<\/p>\n<p class=\"p1\"><b>Der zerbrochne Krug<\/b><\/p>\n<p class=\"p9\">Von Heinrich von Kleist<\/p>\n<p class=\"p9\">Landestheater Detmold<\/p>\n<p class=\"p9\">F\u00fcr Zuschauer ab 15 Jahre<\/p>\n<p class=\"p9\">Dorfrichter Adam ist in einer verzwickten Lage: Ihm wird der Fall eines entzweigegangenen Krugs zur Verhandlung vorgelegt. Die Kl\u00e4gerin Marthe Rull beschuldigt Ruprecht, den Verlobten ihrer Tochter Eve, gewaltsam in deren Zimmer eingedrungen zu sein und das Gef\u00e4\u00df des Ansto\u00dfes zerbrochen zu haben. Ruprecht wiederum behauptet, einen Fremden auf frischer Tat erwischt zu haben. Obwohl sich Adam im Laufe des Prozesses immer mehr in seinem L\u00fcgenge<span class=\"s1\">\u00ad<\/span>b\u00e4ude verstrickt, versucht er bis zum Ende mit gro\u00dfer Unverfrorenheit die Schuld von sich selbst abzuw\u00e4lzen \u2026<\/p>\n<p class=\"p9\">Mit \u00fcberbordendem Sprachwitz und Lust an der Entlarvung einer schein<span class=\"s1\">\u00ad<\/span>heiligen Gesellschaft hat Heinrich von Kleist eine bitterb\u00f6se Kom\u00f6die \u00fcber L\u00fcgen und Machtmissbrauch geschaffen.<\/p>\n<p class=\"p9\">Abiturrelevant 2026.<\/p>\n<p>&nbsp;<\/p>\n<p>&nbsp;<\/p>\n<p class=\"p9\"><b>Mittwoch, 03. Dezember 2025, 20.00 &#8211; 21.50 Uhr<\/b><\/p>\n<p class=\"p9\"><b>Theater, Theatersaal<\/b><\/p>\n<p class=\"p9\">Jazz in G\u00fctersloh<\/p>\n<p class=\"p7\"><b>Andreas Schaerer &amp; A Novel of Anomaly<\/b><\/p>\n<p class=\"p12\">Andreas Schaerer (Voice, Mouth Percussion, Bass-Synth), Luciano Biondini (Akkordeon), Kalle Kalima (E-Gitarre), Lucas Niggli (Schlagzeug)<\/p>\n<p class=\"p12\">\u201eAnthem for No Man\u2019s Land\u201c \u2013 unter diesem Titel haben sich Andreas Schaerer, Luciano Biondini, Kalle Kalima und Lucas Niggli an die Arbeit gemacht, um ein neues Album zu konzipieren. \u201eWir wollen unser Publikum nicht mit theoretischen Manifesten ansprechen, sondern mit sinnlicher, emotionaler Musik. Wir wollen Freiheit nicht nur propagieren, sondern sie in der Musik gemeinsam mit dem Publikum leben\u201c, so ihr Statement.<\/p>\n<p class=\"p12\">Wer schon einmal bei einem Konzert dieser Band war, hat das selbst erlebt. Die Zusammenk\u00fcnfte dieses transeurop\u00e4ischen Quartetts gleichen eher einem rituellen Befreiungszeremoniell als einem g\u00e4ngigen Konzertbesuch. Mit ihrem letzten Album tourte die Band mit \u00fcber hundert Auftritten durch ganz Europa und Nordamerika.<\/p>\n<p>&nbsp;<\/p>\n<p>&nbsp;<\/p>\n<p class=\"p9\"><b>Samstag, 06. Dezember 2025, 20.00 &#8211; 21.15 Uhr<\/b><\/p>\n<p class=\"p9\"><span class=\"s2\"><b><span class=\"Apple-converted-space\">\u00a0<\/span><\/b><\/span><b>Theater, Theatersaal<\/b><\/p>\n<p class=\"p9\">Vier Jahreszeiten<\/p>\n<p class=\"p1\"><b>Le Concert de la Loge | Compagnie K\u00e4fig<\/b><\/p>\n<p class=\"p12\">Battle Vivaldi<\/p>\n<p class=\"p12\">Urban Dance zu \u00bbDie vier Jahreszeiten\u00ab und weiteren Werken von Antonio Vivaldi<\/p>\n<p class=\"p12\">Julien Chauvin (Leitung), Mourad Merzouki (Choreografie und Regie)<\/p>\n<p class=\"p12\">Vivaldis \u00bbDie Vier Jahreszeiten\u00ab sind weit mehr als nur vier Violinkonzerte. Als H\u00f6hepunkt der Programmmusik ist das Werk voller beschreibender Elemente, die auch 300 Jahre nach ihrer Entstehung frisch und lebendig sind.<\/p>\n<p class=\"p12\">Das Kammerorchester Le Concert de la Loge mit Sitz in Paris wurde von Julien Chauvin mit dem Wunsch gegr\u00fcndet, neue Konzertformate zu erkunden und dabei an die Spontaneit\u00e4t der Praxis des sp\u00e4ten 18. Jahrhunderts anzukn\u00fcpfen.<span class=\"Apple-converted-space\">\u00a0<\/span><\/p>\n<p class=\"p12\">\u00bbDie Vier Jahreszeiten\u00ab von Antonio Vivaldi neu zu interpretieren und in ihrer urspr\u00fcnglichen, erz\u00e4hlerischen und theatralischen Dimension wiederzuentdecken, war der k\u00fcnstlerische Anspruch, von dem Julien Chauvin bei der Konzeption von \u00bbBattle Vivaldi\u00ab geleitet wurde. Dazu verbindet er die Musik mit einer visuellen, szenischen und choreografisch eindrucksvollen Inszenierung.<\/p>\n<p class=\"p12\">Choreografische Elemente werden durch die Compagnie K\u00e4fig in Vivaldis Musik integriert, indem die T\u00e4nzerinnen und T\u00e4nzer sich unter das Musikensemble mischen. Auch die Musikerinnen und Musiker interagieren auf der B\u00fchne selbst mit dem Tanzensemble. So erhalten diese instrumentalen Meisterwerke eine neue Dimension von Stimme, Form und Bewegung.<span class=\"Apple-converted-space\">\u00a0<\/span><\/p>\n<p class=\"p12\">Regisseur dieser Begegnung zwischen Klang und Bewegung ist Mourad Merzouki. Er ist seit den fr\u00fchen 90er Jahren einer der f\u00fchrenden Choreografen der Hip-Hop-Bewegung in Frankreich, dessen Werke stets an der Schnittstelle verschiedener k\u00fcnstlerischer Disziplinen entstehen.<span class=\"Apple-converted-space\">\u00a0<\/span><\/p>\n<p class=\"p12\">Das Konzerterlebnis wird durch die Verschmelzung von Musik und Tanz intensiviert, die sinnliche Wahrnehmung des Publikums gewinnt an Tiefe. Die Musik Vivaldis jedoch bleibt das Zentrum der Auff\u00fchrung.<\/p>\n<p class=\"p9\"><span class=\"s2\"><b><span class=\"Apple-converted-space\">\u00a0<\/span><\/b><\/span><\/p>\n<p>&nbsp;<\/p>\n<p class=\"p9\"><b>Sonntag, 07. Dezember 2025, 15.00 &#8211; 16.00 Uhr<\/b><\/p>\n<p class=\"p9\"><b>Theater, Studiob\u00fchne<\/b><\/p>\n<p class=\"p9\">Kindertheater<\/p>\n<p class=\"p1\"><b>Die stille Nacht<\/b><\/p>\n<p class=\"p9\">Ein kleines St\u00fcckchen Weihnacht<\/p>\n<p class=\"p9\">Schauspiel und Puppenspiel mit Gesang und Lichterzauber<\/p>\n<p class=\"p9\">Theater Fusion<\/p>\n<p class=\"p9\">F\u00fcr Kinder ab 4 Jahre (Bitte beachten Sie die Hinweise zur Altersfreigabe)<\/p>\n<p class=\"p9\">Ein Weihnachtsengel und ein Schutzengel geraten in Streit, ob die Weihnachtszeit nun die sch\u00f6nste oder die stressvollste Zeit des Jahres sei. Sie breiten ihre Engelsm\u00e4ntel aus und spielen die Weihnachtsgeschichte: Der Wirt der hoffnungslos \u00fcberf\u00fcllten Herberge in Bethlehem gibt einem Mann und seiner hochschwangeren Frau den Stall als die letzte \u00dcbernachtungsm\u00f6glichkeit. Danach kommt er nicht mehr zur Ruhe: Drei Hirten, drei K\u00f6nige, der Abendstern und der Erzengel st\u00f6ren seinen Schlaf, bis seine Geduld am Ende ist und er alle rauswerfen will. Doch der Anblick des neugeborenen Kindes erw\u00e4rmt sein Herz. Eine lustige und trotzdem besinnliche Schau- und Puppenspielversion der Geschichte, mit Engelsgesang und Lichterzauber.<\/p>\n<p>&nbsp;<\/p>\n<p>&nbsp;<\/p>\n<p class=\"p9\">Das ausf\u00fchrliche Programm sowie den Kartenverkauf finden Sie unter <a href=\"http:\/\/www.kultur-r%25C3%25A4ume-gt.de\"><span class=\"s3\">www.kultur-r\u00e4ume-gt.de<\/span><\/a><\/p>\n<p class=\"p9\"><b>Kartenservice<span class=\"Apple-converted-space\">\u00a0<\/span><\/b><\/p>\n<p class=\"p9\">G\u00fctersloh Marketing GmbH<\/p>\n<p class=\"p9\">Berliner Stra\u00dfe 63<\/p>\n<p class=\"p9\">33330 G\u00fctersloh<\/p>\n<p class=\"p9\">Telefon 05241 21136-36<\/p>\n<p class=\"p13\"><span class=\"s4\">E-Mail: <a href=\"mailto:tickets@guetersloh-marketing.de\"><span class=\"s3\">tickets@guetersloh-marketing.de<\/span><\/a><\/span><\/p>\n<p class=\"p13\"><span class=\"s4\">Webshop unter <a href=\"http:\/\/www.kultur-r%25C3%25A4ume-gt.de\"><span class=\"s3\">theater-gt.de<\/span><\/a> und unter <\/span><span class=\"s5\">stadthalle-gt.de<\/span><\/p>\n<p class=\"p9\">\n","protected":false},"excerpt":{"rendered":"<div class=\"mh-excerpt\"><p>Montag, 01. Dezember 2025, 08.45 &#8211; 09.45 Uhr und 10.45 &#8211; 11.45 Uhr Dienstag, 02. Dezember 2025, 08.45 &#8211; 09.45 Uhr und 10.45 &#8211; 11.45 Uhr Theater, Studiob\u00fchne Kindertheater Murmels Reise Erz\u00e4hltheater mit Figuren und Objekten T-Werk F\u00fcr Kinder ab 4 Jahre (Bitte beachten Sie die Hinweise zur Altersfreigabe) Murmel sollte l\u00e4ngst Winterschlaf halten wie <a class=\"mh-excerpt-more\" href=\"https:\/\/www.marktplatz-hsw.de\/index.php\/2025\/11\/19\/kultur-raeume-guetersloh-das-programm-vom-01-bis-07-dezember-2025\/\" title=\"Kultur R\u00e4ume G\u00fctersloh: Das Programm vom 01. bis 07. Dezember 2025\">[&#8230;]<\/a><\/p>\n<\/div>","protected":false},"author":1,"featured_media":3769,"comment_status":"closed","ping_status":"closed","sticky":false,"template":"","format":"standard","meta":{"footnotes":""},"categories":[9],"tags":[],"class_list":["post-12392","post","type-post","status-publish","format-standard","has-post-thumbnail","hentry","category-guetersloh"],"_links":{"self":[{"href":"https:\/\/www.marktplatz-hsw.de\/index.php\/wp-json\/wp\/v2\/posts\/12392","targetHints":{"allow":["GET"]}}],"collection":[{"href":"https:\/\/www.marktplatz-hsw.de\/index.php\/wp-json\/wp\/v2\/posts"}],"about":[{"href":"https:\/\/www.marktplatz-hsw.de\/index.php\/wp-json\/wp\/v2\/types\/post"}],"author":[{"embeddable":true,"href":"https:\/\/www.marktplatz-hsw.de\/index.php\/wp-json\/wp\/v2\/users\/1"}],"replies":[{"embeddable":true,"href":"https:\/\/www.marktplatz-hsw.de\/index.php\/wp-json\/wp\/v2\/comments?post=12392"}],"version-history":[{"count":1,"href":"https:\/\/www.marktplatz-hsw.de\/index.php\/wp-json\/wp\/v2\/posts\/12392\/revisions"}],"predecessor-version":[{"id":12393,"href":"https:\/\/www.marktplatz-hsw.de\/index.php\/wp-json\/wp\/v2\/posts\/12392\/revisions\/12393"}],"wp:featuredmedia":[{"embeddable":true,"href":"https:\/\/www.marktplatz-hsw.de\/index.php\/wp-json\/wp\/v2\/media\/3769"}],"wp:attachment":[{"href":"https:\/\/www.marktplatz-hsw.de\/index.php\/wp-json\/wp\/v2\/media?parent=12392"}],"wp:term":[{"taxonomy":"category","embeddable":true,"href":"https:\/\/www.marktplatz-hsw.de\/index.php\/wp-json\/wp\/v2\/categories?post=12392"},{"taxonomy":"post_tag","embeddable":true,"href":"https:\/\/www.marktplatz-hsw.de\/index.php\/wp-json\/wp\/v2\/tags?post=12392"}],"curies":[{"name":"wp","href":"https:\/\/api.w.org\/{rel}","templated":true}]}}