{"id":12394,"date":"2025-11-20T10:35:54","date_gmt":"2025-11-20T09:35:54","guid":{"rendered":"https:\/\/www.marktplatz-hsw.de\/?p=12394"},"modified":"2025-11-20T10:35:54","modified_gmt":"2025-11-20T09:35:54","slug":"vokalgruppe-era-aus-mazsalaca-zu-gast-am-28-11-in-harsewinkel","status":"publish","type":"post","link":"https:\/\/www.marktplatz-hsw.de\/index.php\/2025\/11\/20\/vokalgruppe-era-aus-mazsalaca-zu-gast-am-28-11-in-harsewinkel\/","title":{"rendered":"Vokalgruppe \u0112RA aus Mazsalaca zu Gast am 28.11. in Harsewinkel"},"content":{"rendered":"<p><em>Im Rahmen des diesj\u00e4hrigen Weihnachtsmarkts in Harsewinkel am 1. Adventswochenende kommt die Vokalgruppe \u0112RA, eine der f\u00fchrenden Frauench\u00f6re Lettlands, am 28. November 2025 um 19 Uhr zu einem besonderen Konzert in die St. Lucia Kirche in Harsewinkel. Der Eintritt ist frei.<\/em><\/p>\n<p>\u0112RA wurde vor etwa zwei Jahrzehnten in Mazsalaca, einer kleinen Stadt im Norden Lettlands und Partnerstadt von Harsewinkel, gegr\u00fcndet. Seit mehr als zehn Jahren besteht die Gruppe unver\u00e4ndert aus sechs talentierten S\u00e4ngerinnen unter der Leitung von Dita Tomsone. Mit zahlreichen nationalen Auszeichnungen und internationalen Erfolgen, darunter zwei Bronzemedaillen beim renommierten Tolosa-Chorwettbewerb 2019, geh\u00f6rt \u0112RA seit 2012 zu den f\u00fchrenden Vokalgruppen Lettlands.<\/p>\n<p>Die Frauen von \u0112RA zeichnen sich durch ihre Vielseitigkeit aus: zu ihrem Repertoire geh\u00f6ren sakrale, klassische, popul\u00e4re und Jazzmusik sowie alte und moderne Volksmusik \u2013 stets verbunden mit bewegender Choreografie und innovativen Klangexperimenten.<\/p>\n<p>Das Konzert unter dem Titel \u201eSilence and Voice \u2013 Stille und Stimme\u201c l\u00e4dt das Publikum ein, die Magie des A-cappella-Gesangs lettischer Komponisten live zu erleben. Das Konzert beginnt in der Stille, aus der nach und nach ein Klangteppich aus sechs Stimmen entsteht, der ber\u00fchrt, mitrei\u00dft und in musikalische R\u00e4ume voller W\u00e4rme und Harmonie entf\u00fchrt. Hier treffen sakrale und weltliche Kl\u00e4nge aufeinander \u2013 eine Einladung alle Konzertbesucherinnen und -besucher, der\/den Stimme\/n und der Stille zu begegnen.<\/p>\n<p>Die Veranstaltung wird im Rahmen der St\u00e4dtepartnerschaft zwischen Harsewinkel und Mazsalaca realisiert und bietet die einmalige Gelegenheit, eine herausragende lettische Vokalgruppe live zu erleben.<\/p>\n<p><img loading=\"lazy\" decoding=\"async\" class=\"alignnone size-full wp-image-12395\" src=\"https:\/\/www.marktplatz-hsw.de\/wp-content\/uploads\/2025\/11\/Vokalgruppe-ERA-c-privat-Kopie.jpg\" alt=\"\" width=\"1000\" height=\"597\" srcset=\"https:\/\/www.marktplatz-hsw.de\/wp-content\/uploads\/2025\/11\/Vokalgruppe-ERA-c-privat-Kopie.jpg 1000w, https:\/\/www.marktplatz-hsw.de\/wp-content\/uploads\/2025\/11\/Vokalgruppe-ERA-c-privat-Kopie-300x179.jpg 300w, https:\/\/www.marktplatz-hsw.de\/wp-content\/uploads\/2025\/11\/Vokalgruppe-ERA-c-privat-Kopie-768x458.jpg 768w\" sizes=\"auto, (max-width: 1000px) 100vw, 1000px\" \/><\/p>\n<p>Mit der Vokalgruppe \u0112RA starke Stimmen aus Lettland live erleben. (Fotocredit: privat)<\/p>\n","protected":false},"excerpt":{"rendered":"<div class=\"mh-excerpt\"><p>Im Rahmen des diesj\u00e4hrigen Weihnachtsmarkts in Harsewinkel am 1. Adventswochenende kommt die Vokalgruppe \u0112RA, eine der f\u00fchrenden Frauench\u00f6re Lettlands, am 28. November 2025 um 19 Uhr zu einem besonderen Konzert in die St. Lucia Kirche in Harsewinkel. Der Eintritt ist frei. \u0112RA wurde vor etwa zwei Jahrzehnten in Mazsalaca, einer kleinen Stadt im Norden Lettlands <a class=\"mh-excerpt-more\" href=\"https:\/\/www.marktplatz-hsw.de\/index.php\/2025\/11\/20\/vokalgruppe-era-aus-mazsalaca-zu-gast-am-28-11-in-harsewinkel\/\" title=\"Vokalgruppe \u0112RA aus Mazsalaca zu Gast am 28.11. in Harsewinkel\">[&#8230;]<\/a><\/p>\n<\/div>","protected":false},"author":1,"featured_media":12395,"comment_status":"closed","ping_status":"closed","sticky":false,"template":"","format":"standard","meta":{"footnotes":""},"categories":[3],"tags":[],"class_list":["post-12394","post","type-post","status-publish","format-standard","has-post-thumbnail","hentry","category-harsewinkel"],"_links":{"self":[{"href":"https:\/\/www.marktplatz-hsw.de\/index.php\/wp-json\/wp\/v2\/posts\/12394","targetHints":{"allow":["GET"]}}],"collection":[{"href":"https:\/\/www.marktplatz-hsw.de\/index.php\/wp-json\/wp\/v2\/posts"}],"about":[{"href":"https:\/\/www.marktplatz-hsw.de\/index.php\/wp-json\/wp\/v2\/types\/post"}],"author":[{"embeddable":true,"href":"https:\/\/www.marktplatz-hsw.de\/index.php\/wp-json\/wp\/v2\/users\/1"}],"replies":[{"embeddable":true,"href":"https:\/\/www.marktplatz-hsw.de\/index.php\/wp-json\/wp\/v2\/comments?post=12394"}],"version-history":[{"count":1,"href":"https:\/\/www.marktplatz-hsw.de\/index.php\/wp-json\/wp\/v2\/posts\/12394\/revisions"}],"predecessor-version":[{"id":12396,"href":"https:\/\/www.marktplatz-hsw.de\/index.php\/wp-json\/wp\/v2\/posts\/12394\/revisions\/12396"}],"wp:featuredmedia":[{"embeddable":true,"href":"https:\/\/www.marktplatz-hsw.de\/index.php\/wp-json\/wp\/v2\/media\/12395"}],"wp:attachment":[{"href":"https:\/\/www.marktplatz-hsw.de\/index.php\/wp-json\/wp\/v2\/media?parent=12394"}],"wp:term":[{"taxonomy":"category","embeddable":true,"href":"https:\/\/www.marktplatz-hsw.de\/index.php\/wp-json\/wp\/v2\/categories?post=12394"},{"taxonomy":"post_tag","embeddable":true,"href":"https:\/\/www.marktplatz-hsw.de\/index.php\/wp-json\/wp\/v2\/tags?post=12394"}],"curies":[{"name":"wp","href":"https:\/\/api.w.org\/{rel}","templated":true}]}}