{"id":12412,"date":"2025-11-20T14:43:45","date_gmt":"2025-11-20T13:43:45","guid":{"rendered":"https:\/\/www.marktplatz-hsw.de\/?p=12412"},"modified":"2025-11-20T14:43:45","modified_gmt":"2025-11-20T13:43:45","slug":"gewalt-kommt-nicht-in-die-tuete-stadt-harsewinkel-zeigt-klare-haltung","status":"publish","type":"post","link":"https:\/\/www.marktplatz-hsw.de\/index.php\/2025\/11\/20\/gewalt-kommt-nicht-in-die-tuete-stadt-harsewinkel-zeigt-klare-haltung\/","title":{"rendered":"Gewalt kommt nicht in die T\u00fcte: Stadt Harsewinkel zeigt klare Haltung"},"content":{"rendered":"<p><em>Gewalt gegen Frauen und M\u00e4dchen ist kein seltenes Ph\u00e4nomen. Sie betrifft Menschen aller gesellschaftlichen Gruppen \u2013 unabh\u00e4ngig von Einkommen, Beruf, Bildung oder Herkunft. Zum Internationalen Tag gegen Gewalt an Frauen am 25. November machen die kommunalen Gleichstellungsbeauftragten im Kreis G\u00fctersloh gemeinsam mit dem Club Soroptimist International G\u00fctersloh erneut mit einer besonderen Aktion auf dieses Thema aufmerksam. Auch die Stadt Harsewinkel und ihre Gleichstellungsbeauftragte Marina Schomburg beteiligen sich daran. Ab Samstag startet die Br\u00f6tchent\u00fcten-Aktion in eine neue Runde: Wie bereits in den Vorjahren sind dann in den Harsewinkeler B\u00e4ckereien wieder Br\u00f6tchent\u00fcten mit dem Slogan \u201eGewalt kommt nicht in die T\u00fcte!\u201c im Umlauf.<\/em><\/p>\n<p>\u201e12.000 T\u00fcten gehen ab Samstag in zw\u00f6lf Filialen in Harsewinkel, Greffen und Marienfeld \u00fcber die Ladentheken\u201c, berichtet Marina Schomburg. \u201eKreisweit sind es 126.000 St\u00fcck. Ich freue mich wirklich sehr, dass sich die B\u00e4ckereien in unserem Stadtgebiet jedes Jahr ohne zu z\u00f6gern der Aktion anschlie\u00dfen und so mit uns gemeinsam ein sichtbares Zeichen setzen.\u201c Auf den T\u00fcten finden sich die Nummer des bundesweiten Hilfetelefons sowie die Kontaktdaten der Beratungsstellen, die Betroffene nutzen k\u00f6nnen. Zentrale Botschaften wurden zudem in acht Sprachen \u00fcbersetzt: Englisch, T\u00fcrkisch, Arabisch, Bulgarisch, Polnisch, Ukrainisch, Rum\u00e4nisch und Russisch. Gewalt betrifft Menschen aller Nationalit\u00e4ten, aller sozialen Gruppen und jeden Alters \u2013 Frauen jedoch deutlich h\u00e4ufiger.<\/p>\n<p>Neben der Br\u00f6tchent\u00fcten-Aktion setzt die Stadt Harsewinkel ein weiteres Zeichen der Solidarit\u00e4t: Am Aktionstag wird die st\u00e4dtische Online-Pr\u00e4senz f\u00fcr 24 Stunden vollst\u00e4ndig in die orangefarbene Kampagnenfarbe getaucht. \u201eWir beteiligen uns bereits seit einigen Jahren auf diese Weise am Aktionstag und erhalten daf\u00fcr durchweg positive R\u00fcckmeldungen. Darum wollen wir auch in diesem Jahr im wahrsten Sinne des Wortes Farbe wieder bekennen\u201c, erkl\u00e4rt Marina Schomburg. \u201eZugleich bitten wir die Nutzerinnen und Nutzer um Verst\u00e4ndnis daf\u00fcr, dass die Barrierefreiheit unserer Website an diesem Tag durch die farbliche Anpassung etwas eingeschr\u00e4nkt sein kann. Unser Ziel ist es, f\u00fcr diesen einen Tag ein auff\u00e4lliges Zeichen zu setzen.\u201c<\/p>\n<p>Frauen, die von Gewalt, N\u00f6tigung oder Missbrauch betroffen sind, k\u00f6nnen sich im Kreis G\u00fctersloh an die Beratungsstellen oder das Frauenhaus wenden. Alle Einrichtungen unterliegen der Schweigepflicht. Im Rathaus der Stadt Harsewinkel sowie bei der Gleichstellungsbeauftragten stehen Flyer mit Anlaufstellen und weiteren Informationen zur Verf\u00fcgung.<\/p>\n<p>Die Aktion wird gef\u00f6rdert Ministerium f\u00fcr Kinder, Jugend, Familie, Gleichstellung, Flucht und Integration des Landes NRW.<\/p>\n<p><img loading=\"lazy\" decoding=\"async\" class=\"alignnone size-full wp-image-12413\" src=\"https:\/\/www.marktplatz-hsw.de\/wp-content\/uploads\/2025\/11\/Broetchentueten-Aktion-2025-c-Stadt-Harsewinkel-Kopie.jpg\" alt=\"\" width=\"1000\" height=\"566\" srcset=\"https:\/\/www.marktplatz-hsw.de\/wp-content\/uploads\/2025\/11\/Broetchentueten-Aktion-2025-c-Stadt-Harsewinkel-Kopie.jpg 1000w, https:\/\/www.marktplatz-hsw.de\/wp-content\/uploads\/2025\/11\/Broetchentueten-Aktion-2025-c-Stadt-Harsewinkel-Kopie-300x170.jpg 300w, https:\/\/www.marktplatz-hsw.de\/wp-content\/uploads\/2025\/11\/Broetchentueten-Aktion-2025-c-Stadt-Harsewinkel-Kopie-768x435.jpg 768w\" sizes=\"auto, (max-width: 1000px) 100vw, 1000px\" \/><\/p>\n<p>Auch die Harsewinkeler Traditionsb\u00e4ckerei Wilhalm beteiligt sich an der Aktion. Gemeinsam pr\u00e4sentieren B\u00fcrgermeisterin Pamela Westmeyer (links) und die Gleichstellungsbeauftragte der Stadt Harsewinkel, Marina Schomburg (rechts), die T\u00fcten.<\/p>\n<p>Foto: Stadt Harsewinkel<\/p>\n","protected":false},"excerpt":{"rendered":"<div class=\"mh-excerpt\"><p>Gewalt gegen Frauen und M\u00e4dchen ist kein seltenes Ph\u00e4nomen. Sie betrifft Menschen aller gesellschaftlichen Gruppen \u2013 unabh\u00e4ngig von Einkommen, Beruf, Bildung oder Herkunft. Zum Internationalen Tag gegen Gewalt an Frauen am 25. November machen die kommunalen Gleichstellungsbeauftragten im Kreis G\u00fctersloh gemeinsam mit dem Club Soroptimist International G\u00fctersloh erneut mit einer besonderen Aktion auf dieses Thema <a class=\"mh-excerpt-more\" href=\"https:\/\/www.marktplatz-hsw.de\/index.php\/2025\/11\/20\/gewalt-kommt-nicht-in-die-tuete-stadt-harsewinkel-zeigt-klare-haltung\/\" title=\"Gewalt kommt nicht in die T\u00fcte: Stadt Harsewinkel zeigt klare Haltung\">[&#8230;]<\/a><\/p>\n<\/div>","protected":false},"author":1,"featured_media":12413,"comment_status":"closed","ping_status":"closed","sticky":false,"template":"","format":"standard","meta":{"footnotes":""},"categories":[3],"tags":[],"class_list":["post-12412","post","type-post","status-publish","format-standard","has-post-thumbnail","hentry","category-harsewinkel"],"_links":{"self":[{"href":"https:\/\/www.marktplatz-hsw.de\/index.php\/wp-json\/wp\/v2\/posts\/12412","targetHints":{"allow":["GET"]}}],"collection":[{"href":"https:\/\/www.marktplatz-hsw.de\/index.php\/wp-json\/wp\/v2\/posts"}],"about":[{"href":"https:\/\/www.marktplatz-hsw.de\/index.php\/wp-json\/wp\/v2\/types\/post"}],"author":[{"embeddable":true,"href":"https:\/\/www.marktplatz-hsw.de\/index.php\/wp-json\/wp\/v2\/users\/1"}],"replies":[{"embeddable":true,"href":"https:\/\/www.marktplatz-hsw.de\/index.php\/wp-json\/wp\/v2\/comments?post=12412"}],"version-history":[{"count":1,"href":"https:\/\/www.marktplatz-hsw.de\/index.php\/wp-json\/wp\/v2\/posts\/12412\/revisions"}],"predecessor-version":[{"id":12414,"href":"https:\/\/www.marktplatz-hsw.de\/index.php\/wp-json\/wp\/v2\/posts\/12412\/revisions\/12414"}],"wp:featuredmedia":[{"embeddable":true,"href":"https:\/\/www.marktplatz-hsw.de\/index.php\/wp-json\/wp\/v2\/media\/12413"}],"wp:attachment":[{"href":"https:\/\/www.marktplatz-hsw.de\/index.php\/wp-json\/wp\/v2\/media?parent=12412"}],"wp:term":[{"taxonomy":"category","embeddable":true,"href":"https:\/\/www.marktplatz-hsw.de\/index.php\/wp-json\/wp\/v2\/categories?post=12412"},{"taxonomy":"post_tag","embeddable":true,"href":"https:\/\/www.marktplatz-hsw.de\/index.php\/wp-json\/wp\/v2\/tags?post=12412"}],"curies":[{"name":"wp","href":"https:\/\/api.w.org\/{rel}","templated":true}]}}