{"id":12448,"date":"2025-11-25T10:53:29","date_gmt":"2025-11-25T09:53:29","guid":{"rendered":"https:\/\/www.marktplatz-hsw.de\/?p=12448"},"modified":"2025-11-25T10:53:29","modified_gmt":"2025-11-25T09:53:29","slug":"kultur-raeume-guetersloh-das-programm-vom-08-bis-14-dezember-2025","status":"publish","type":"post","link":"https:\/\/www.marktplatz-hsw.de\/index.php\/2025\/11\/25\/kultur-raeume-guetersloh-das-programm-vom-08-bis-14-dezember-2025\/","title":{"rendered":"Kultur R\u00e4ume G\u00fctersloh: Das Programm vom 08. bis 14. Dezember 2025"},"content":{"rendered":"<p class=\"p6\"><b>Donnerstag, 11. Dezember 2025, 20.00 Uhr<\/b><\/p>\n<p class=\"p6\"><b>Stadthalle, Gro\u00dfer Saal<\/b><\/p>\n<p class=\"p8\"><span class=\"s1\"><b>NATURALLY 7<\/b><\/span><span class=\"s2\"><b><br \/>\n<\/b><\/span>\u201cCloser Look &#8211; 25 Years\u201d Tour<\/p>\n<p class=\"p8\">\u2013 Anders als alle anderen, atemberaubend, faszinierend \u2013<\/p>\n<p class=\"p8\">NATURALLY 7 erzeugen den facettenreichen Klangkosmos einer ganzen Band vom Sound des Schlagzeugs, \u00fcber den Bass, die Gitarre, die Mundharmonika oder auch der Posaune \u2013 und das vollkommen ohne Instrumente! Die 7 M\u00e4nner singen zwar A-Capella, sind aber mit vielen anderen Gruppen dieses Genres nicht vergleichbar, denn nur wenige erreichen einen so vollkommenen Sound. Mal ist es R\u2019n\u2019B, Soul oder HipHop, mal Gospel, Pop oder auch Rock. Mit spielerischer Perfektion und absolut beeindruckender musikalischer und zwischenmenschlicher Harmonie bescheren NATURALLY 7 ihrem Publikum immer wieder unvergessliche Erlebnisse der au\u00dferge-w\u00f6hnlichen Art. Zus\u00e4tzlich zu ihrem musikalischen K\u00f6nnen sind die sieben Vocal-Artisten auch gro\u00dfartige Entertainer und ihre Pr\u00e4senz auf der B\u00fchne erreicht jeden Platz des Hauses und verzauberte bisher jeden Besucher.<\/p>\n<p class=\"p8\">Seit nunmehr 25 Jahren tourt \u00bbBand ohne Band\u00ab durch die gesamte Welt: Mit SARAH CONNOR und der Single \u201eMusic is the Key\u201c 2003 auf Platz 1 in den deutschen Charts, drei Welttourneen mit MICHAEL BUBL\u00c8, QUINCY JONES, LUDACRIS und 2019 bei JAMES CORDEN Platz 1 in der Kategorie \u201eWorld\u2019s Best Band\u201c in der Show \u201eWorld\u2019s Best\u201c. 2023 auf Tour mit PUR durch Deutschland, zahlreiche eigene Touren durch Amerika, Europa, Asien und Australien und im Jahr 2024 eine Arena Tour mit dem Bestseller-Autor SEBASTIAN FITZEK vor \u00fcber 150.000 Menschen.<\/p>\n<p class=\"p8\">Daher wird es nun Zeit f\u00fcr einen hautnahen und pers\u00f6nlichen Einblick, Zeit f\u00fcr einen \u201eCloser Look\u201c zum 25-j\u00e4hrigem Band-Jubil\u00e4um. 2025 l\u00e4dt die Band daher zu ihrer \u201eCloser Look \u2013 25 Years\u201c Tour ein, f\u00fcr das die Jungs eine Art Best of ihrer Bandhistorie aufspielen. Auch die ein oder andere \u00dcberraschung h\u00e4lt das Programm f\u00fcr das Publikum bereit.<\/p>\n<p class=\"p8\">Ins Leben gerufen wurde NATURALLY 7 1999 von ROGER THOMAS, der sich mit seinem Bruder WARREN f\u00fcnf weitere talentierten S\u00e4nger aus der Umgebung suchte. Ausschlaggebend daf\u00fcr war, dass WARREN sich als Kind ein Schlagzeug w\u00fcnschte. Ihre Mutter meinte jedoch, das w\u00fcrde zu viel Krach machen. Deshalb begann er diverse Drum-Sounds stimmlich und mit dem Mund nachzumachen, was man im HipHop seit den 1980ern auch als \u201eBeatboxing\u201c bezeichnet. So kam eines zum anderen und auch die anderen Bandmitglieder fanden Spa\u00df daran Instrumente zu imitieren, was fortan zum NATURALLY 7-Markenzeichen wurde.<\/p>\n<p class=\"p8\">Zudem ist es auch das Unterscheidungsmerkmal gegen\u00fcber vielen A-Capella-Gruppen, die haupts\u00e4chlich singend performen. Das, was den sieben Amerikanern so spielerisch leicht von den Lippen geht, nennen sie selbst \u201eVocal Play\u201c.<\/p>\n<p class=\"p8\">Quasi nonstop sind die Ausnahme-Musiker, zu denen neben den beiden Gr\u00fcndungs-Br\u00fcdern ROGER (Musikalischer Leiter, Arrangeur, 1. Bariton &amp; Rapper) und WARREN THOMAS (Percussion, \u201eGitarre\u201c, \u201eKlarinette\u201c &amp; 3. Tenor) noch ROD ELRIDGE (1. Tenor, \u201eScratching\u201c &amp; \u201eTrompete\u201c), SEAN SIMMONDS (2. Tenor &amp; \u201eMundharmonika\u201c), RICKY CORT (4. Tenor &amp; \u201eGitarre\u201c), DWIGHT STEWART (2. Bariton &amp; \u201eTrompete\u201c) sowie NNAMDI BRYANT (Bass) geh\u00f6ren, unterwegs, denn ihr Zuhause ist die B\u00fchne. Dort ist die akustische Illusion einer kleinen Bigband in verschiedenen Varianten hautnah zu erleben.<\/p>\n<p class=\"p8\">Wer das miterlebt kann nur beipflichten, dass es sich hier um ein \u201eSieben Stimmen-Weltwunder\u201c (\u201eDie Welt\u201c) handelt oder, wie es Micheal-Jackson-Produzent QUINCY JONES ausdr\u00fcckte: \u201eNATURALLY 7 sind die beste A-Capella-Band aller Zeiten!\u201c<\/p>\n<p class=\"p8\">Hier finden Sie mehr www.naturallyseven.com &amp; https:\/\/de-de.facebook.com\/naturally7<\/p>\n<p>&nbsp;<\/p>\n<p>&nbsp;<\/p>\n<p class=\"p6\"><b>Sonntag, 14. Dezember 2025, 11.00 Uhr<\/b><\/p>\n<p class=\"p6\"><b>Stadthalle, Gro\u00dfer Saal<\/b><\/p>\n<p class=\"p10\"><b>Kaleidoskop &#8211; Musik &amp; Tanz so bunt wie das Leben in G\u00fctersloh<\/b><span class=\"s2\"><b><br \/>\n<\/b><\/span><\/p>\n<p class=\"p8\">Ende des Jahres zeigt Sport &amp; Ballett Neumann im Rahmen der 200-Jahr-Feier die Premiere seines neuen Tanz-Projekts.<\/p>\n<p class=\"p8\">&#8222;Kaleidoskop &#8211; Musik &amp; Tanz so bunt wie das Leben in G\u00fctersloh&#8220; ist in zwei Kapitel aufgeteilt. Kapitel 1 wird altersm\u00e4\u00dfig breit gef\u00e4chert sein, d.h. von \u201eKlein \u2013 Gro\u00df\u201c und somit auch unterschiedliche t\u00e4nzerische Level abdecken. Thematisch werden wir uns \u00fcber eine kaleidoskopische Ansicht mit den vielf\u00e4ltigen Facetten von G\u00fctersloh besch\u00e4ftigen. Um die T\u00e4nze einzuleiten wird auf unterschiedliche Kaleidoskopbilder \u2013 erstellt mit Kindern, Jugendlichen und Erwachsenen und mit Kameradrohnen aufgenommen \u2013 zur\u00fcckgegriffen. So werden wir uns durch das Wort \u201eG\u00fctersloh\u201c hangeln und entsprechende Charakteristika herausarbeiten, unterst\u00fctzt durch kleine Texte zu den T\u00e4nzen, die dem Zuschauer, das Gesehenen verst\u00e4ndlich machen sollen. <span class=\"Apple-converted-space\">\u00a0<\/span><\/p>\n<p class=\"p8\">Kapitel 2, besch\u00e4ftigt sich ebenfalls mit Vielf\u00e4ltigkeit und Ver\u00e4nderungen und wird haupts\u00e4chlich von EMOTION PUR, den Showgruppen von Sport &amp; Ballett Neumann getanzt. Titel wie JUKEBOX, FLIPPER oder ELEMENTS sollen den Zuschauer in ganz unterschiedliche Welten entf\u00fchren.<\/p>\n<p class=\"p6\"><span class=\"s3\">Kartenverkauf bei Sport &amp; Ballett Neumann ab 01.09.2025 \/ Mo. &#8211; Fr. 16.00 &#8211; 19.00 Uhr<\/span><\/p>\n<p>&nbsp;<\/p>\n<p>&nbsp;<\/p>\n<p class=\"p3\"><b>Theater<\/b><\/p>\n<p class=\"p6\"><b>Montag, 08. Dezember 2025, 09.00 &#8211; 10.00 Uhr und 10.30 &#8211; 11.30 Uhr<\/b><\/p>\n<p class=\"p6\"><b>Dienstag, 09. Dezember 2025, 09.00 &#8211; 10.00 Uhr und 10.30 &#8211; 11.30 Uhr<\/b><\/p>\n<p class=\"p6\"><b>Theater, Studiob\u00fchne<\/b><\/p>\n<p class=\"p6\">Kindertheater<\/p>\n<p class=\"p1\"><b>Die stille Nacht<\/b><\/p>\n<p class=\"p6\">Ein kleines St\u00fcckchen Weihnacht<\/p>\n<p class=\"p6\">Schauspiel und Puppenspiel mit Gesang und Lichterzauber<\/p>\n<p class=\"p6\">Theater Fusion<\/p>\n<p class=\"p6\">F\u00fcr Kinder ab 4 Jahre (Bitte beachten Sie die Hinweise zur Altersfreigabe)<\/p>\n<p class=\"p6\">Ein Weihnachtsengel und ein Schutzengel geraten in Streit, ob die Weihnachtszeit nun die sch\u00f6nste oder die stressvollste Zeit des Jahres sei. Sie breiten ihre Engelsm\u00e4ntel aus und spielen die Weihnachtsgeschichte: Der Wirt der hoffnungslos \u00fcberf\u00fcllten Herberge in Bethlehem gibt einem Mann und seiner hochschwangeren Frau den Stall als die letzte \u00dcbernachtungsm\u00f6glichkeit. Danach kommt er nicht mehr zur Ruhe: Drei Hirten, drei K\u00f6nige, der Abendstern und der Erzengel st\u00f6ren seinen Schlaf, bis seine Geduld am Ende ist und er alle rauswerfen will. Doch der Anblick des neugeborenen Kindes erw\u00e4rmt sein Herz. Eine lustige und trotzdem besinnliche Schau- und Puppenspielversion der Geschichte, mit Engelsgesang und Lichterzauber.<\/p>\n<p>&nbsp;<\/p>\n<p>&nbsp;<\/p>\n<p class=\"p6\"><b>Dienstag, 09. Dezember 2025, 19.00 Uhr<\/b><\/p>\n<p class=\"p6\"><b>Theater, Theatersaal<\/b><\/p>\n<p class=\"p1\"><b>Benefizkonzert mit dem Landespolizeiorchester NRW<\/b><\/p>\n<p class=\"p8\">Gutes h\u00f6ren. Gutes tun.<\/p>\n<p class=\"p8\">Das Landespolizeiorchester NRW kommt zur\u00fcck nach G\u00fctersloh. Nach einem mitrei\u00dfenden Konzert im Dezember 2023 im Theater G\u00fctersloh freuen wir uns auf einen weiteren gro\u00dfartigen Abend mit dem Repr\u00e4sentationsorchester der Landesregierung NRW.<\/p>\n<p class=\"p8\">Unter der Schirmherrschaft der G\u00fctersloher und Rheda-Wiedenbr\u00fccker B\u00fcrgermeister Matthias Trepper und Theo Mettenborg spielt das Symphonieorchester der Polizei Nordrhein-Westfalen ein vielseitiges Programm im Theater G\u00fctersloh. Kriminalhauptkommissar Oliver Schmitt, der &#8222;singende Kommissar aus Aachen&#8220; wird das Orchester gesanglich unterst\u00fctzen.<\/p>\n<p class=\"p8\">Veranstalter des Konzertes ist der F\u00f6rderverein Lions Club Rheda-Wiedenbr\u00fcck 2024 e.V. Der Erl\u00f6s des Konzertes geht an die G\u00fctersloher Projekte \u201eNische\u201c der AWO G\u00fctersloh und \u201eSprungbrett\u201c der ash GmbH G\u00fctersloh.<\/p>\n<p class=\"p8\">Das Landespolizeiorchester NRW ist mit Berufsmusikerinnen und -musikern aus mittlerweile \u00fcber 18 Nationalit\u00e4ten zusammengesetzt und repr\u00e4sentiert die Polizei und das Land NRW auf besondere Art und Weise.<\/p>\n<p class=\"p8\">Sie d\u00fcrfen sich auf einen unvergesslichen Abend freuen.<\/p>\n<p class=\"p8\">Moderiert wird das Konzert von Radio G\u00fctersloh Moderator Matthias Traeger.<\/p>\n<p class=\"p8\">Die Eintrittskarten sind bei folgenden Vorverkaufsstellen erh\u00e4ltlich:<\/p>\n<p class=\"p8\">G\u00fctersloh<\/p>\n<ul class=\"ul1\">\n<li class=\"li6\"><span class=\"s3\">Neue Westf\u00e4lische, Mauerstr. 13: Mo-Fr 10:00-13:00 &amp; 14:00-17:00 Uhr<\/span><\/li>\n<li class=\"li6\"><span class=\"s3\">Pressestelle der Kreispolizeibeh\u00f6rde G\u00fctersloh, Herzebrocker Str. 142: Mo-Fr 08:00-16:00 Uhr (Nur Barzahlung)<\/span><\/li>\n<\/ul>\n<p class=\"p8\">Rheda-Wiedenbr\u00fcck<\/p>\n<ul class=\"ul1\">\n<li class=\"li6\"><span class=\"s3\">Neue Zeiten, Kirchstr. 1: Mo-Fr 09:30-12:30 &amp; Sa 09:30-16:00 Uhr (Nur Barzahlung)<\/span><\/li>\n<\/ul>\n<p class=\"p12\">Online<\/p>\n<ul class=\"ul1\">\n<li class=\"li6\"><span class=\"s3\">www.nrw.de\/events<\/span><\/li>\n<\/ul>\n<p class=\"p8\">Oder (solange der Vorrat reicht) an der Abendkasse.<\/p>\n<p class=\"p8\">Mit freundlicher Unterst\u00fctzung von Stiftung der Sparkasse G\u00fctersloh, nobilia, N\u00fc\u00dfing,<\/p>\n<p class=\"p6\"><span class=\"s3\">McDonald\u00b4s Kreis G\u00fctersloh, Beine Landschaftsbau, Hohenfelder, COR, Anton R\u00f6hr, Mense und Kraemer.<\/span><\/p>\n<p class=\"p6\"><span class=\"s1\"><b><span class=\"Apple-converted-space\">\u00a0<\/span><\/b><\/span><\/p>\n<p>&nbsp;<\/p>\n<p class=\"p6\"><b>Samstag, 13. Dezember 2025, 19.30 &#8211; 21.40 Uhr <\/b><span class=\"s5\"><b><br \/>\n<\/b><\/span><b>Theater, Theatersaal<\/b><\/p>\n<p class=\"p1\"><b>Nachtblau<\/b><span class=\"s2\"><b><br \/>\n<\/b><\/span><\/p>\n<p class=\"p6\">Chanson f\u00fcr eine Abwesende<\/p>\n<p class=\"p6\">Meret Becker &amp; Dietmar Loeffler<\/p>\n<p class=\"p6\">Es spielen: Meret Becker (Gesang, Schauspiel), Dietmar Loeffler (Klavier), Marie Claire Schlameus (Violoncello), Uwe Steger (Akkordeon)<\/p>\n<p class=\"p6\">Die franz\u00f6sische S\u00e4ngerin Barbara (1930\u20131997) ist die gro\u00dfe Ausnahme<span class=\"s5\">\u00ad<\/span>erscheinung des franz\u00f6sischen Chansons. Bewegende Emotion und eine feingesponnene Gedankenwelt hat sie zu einem einzigartigen musikali<span class=\"s5\">\u00ad<\/span>schen Erlebnis zusammengef\u00fchrt. Mit ihrer klaren, mitunter tiefdunklen Stimme und ihren die Seele erforschenden Liedern ist Barbara neben Edith Piaf, Juliette Gr\u00e9co und Jacques Brel eine der gro\u00dfen Vertreterinnen des franz\u00f6sischen Chansons der Nachkriegszeit.<\/p>\n<p class=\"p6\">Mit \u201eNachtblau \u2013 Chanson f\u00fcr eine Abwesende\u201c entdecken Meret Becker und Dietmar Loeffler eine K\u00fcnstlerin neu, die sich als franz\u00f6sische J\u00fcdin f\u00fcr die Auss\u00f6hnung zwischen Deutschland und Frankreich eingesetzt hat wie kaum eine zweite. Ihr Chanson \u201eG\u00f6ttingen\u201c legt daf\u00fcr das wohl be<span class=\"s5\">\u00ad<\/span>kannteste musikalische Zeugnis ab. Der Abend ist eine W\u00fcrdigung dieser gro\u00dfartigen K\u00fcnstlerin, die ihre Lieder sowohl auf Deutsch als auch auf Franz\u00f6sisch gesungen hat.<\/p>\n<p class=\"p6\">\u201eDer reichhaltige Abend ist wie eine S\u00e9ance zwischen Noblesse und Weltschmerz, in der alte Polaroids in Form exquisiter Chansons wieder ihre Farbe, Gestalt und Gegenw\u00e4rtigkeit zur\u00fcck<span class=\"s5\">\u00ad<\/span> bekommen.\u201c (FAZ)<\/p>\n<p>&nbsp;<\/p>\n<p>&nbsp;<\/p>\n<p class=\"p6\"><b>Samstag, 13. Dezember 2025 bis Sonntag, 14. Dezember 2025,<span class=\"Apple-converted-space\">\u00a0<\/span><\/b><\/p>\n<p class=\"p6\"><b>11.00 &#8211; 16.00 Uhr<\/b><\/p>\n<p class=\"p6\"><b>Theater, Studiob\u00fchne<\/b><\/p>\n<p class=\"p6\">Theaterspionage<\/p>\n<p class=\"p1\"><b>Experimentier-Theater<\/b><span class=\"s2\"><b><br \/>\n<\/b><\/span><\/p>\n<p class=\"p6\">Kulturrucksack<\/p>\n<p class=\"p6\">Leitung: Anna Lena Friedrichs und Timo Hepke<\/p>\n<p class=\"p6\">F\u00fcr Kinder und Jugendliche von 10 -14 Jahre (Bitte beachten Sie die Hinweise zur Altersfreigabe)<\/p>\n<p class=\"p6\">Tauche ein in die faszinierende Welt des Theaters, wo deine Kreativit\u00e4t keine Grenzen kennt und alles m\u00f6glich ist. In diesem Workshop f\u00fchrst du Regie, bist Schauspielerin oder Schauspieler und der kreative Kopf hinter den Kulissen zugleich. Egal ob du schon B\u00fchnenerfahrung hast oder nicht: Sei dabei und erlebe zwei Tage voller Spa\u00df und Fantasie! Gemeinsam werden wir spielen, f\u00fchlen und Neues entdecken. Der Vorhang geht auf \u2013 mach mit!<\/p>\n<p>&nbsp;<\/p>\n<p>&nbsp;<\/p>\n<p class=\"p6\"><b>Sonntag, 14. Dezember 2025, 16.00 Uhr<\/b><\/p>\n<p class=\"p6\"><b><span class=\"Apple-converted-space\">\u00a0<\/span>Theater, Theatersaal<\/b><\/p>\n<p class=\"p6\">Kindertheater<\/p>\n<p class=\"p1\"><b>Der gestiefelte Kater<\/b><\/p>\n<p class=\"p6\">Schauspiel nach dem bekannten M\u00e4rchen von Sergej G\u00f6\u00dfner<\/p>\n<p class=\"p6\">Rheinisches Landestheater Neuss<\/p>\n<p class=\"p6\">F\u00fcr Kinder ab 6 Jahre (Bitte beachten Sie die Hinweise zur Altersfreigabe)<\/p>\n<p class=\"p6\">Das M\u00e4rchen vom gestiefelten Kater begeistert seit vielen Jahren Men<span class=\"s5\">\u00ad<\/span>schen in aller Welt, ob als Geschichte oder Theaterst\u00fcck. Nun schreibt der renommierte Autor Sergej G\u00f6\u00dfner eine eigene Fassung f\u00fcr das Rheinische Landestheater und \u00fcberpr\u00fcft, was der bekannte Stoff der Br\u00fcder Grimm uns auch noch ein Jahrhundert sp\u00e4ter zu erz\u00e4hlen vermag. Wir sind gespannt, was f\u00fcr tollk\u00fch<span class=\"s5\">\u00ad<\/span>ne Pl\u00e4ne der gestiefelte Kater er<span class=\"s5\">\u00ad<\/span>sinnt, um aus seinem Herrn einen reichen und angesehenen Mann zu machen. Und Achtung \u2013 auch in dieser Variante ist das Land in der Hand eines b\u00f6sen Zauberers, der sich in alles und jeden verwandeln kann.<\/p>\n<p>&nbsp;<\/p>\n<p>&nbsp;<\/p>\n<p class=\"p6\">Das ausf\u00fchrliche Programm sowie den Kartenverkauf finden Sie unter <a href=\"http:\/\/www.kultur-r%25C3%25A4ume-gt.de\"><span class=\"s6\">www.kultur-r\u00e4ume-gt.de<\/span><\/a><\/p>\n<p class=\"p6\"><b>Kartenservice<span class=\"Apple-converted-space\">\u00a0<\/span><\/b><\/p>\n<p class=\"p6\">G\u00fctersloh Marketing GmbH<\/p>\n<p class=\"p6\">Berliner Stra\u00dfe 63<\/p>\n<p class=\"p6\">33330 G\u00fctersloh<\/p>\n<p class=\"p6\">Telefon 05241 21136-36<\/p>\n<p class=\"p13\"><span class=\"s7\">E-Mail: <a href=\"mailto:tickets@guetersloh-marketing.de\"><span class=\"s6\">tickets@guetersloh-marketing.de<\/span><\/a><\/span><\/p>\n<p class=\"p13\"><span class=\"s7\">Webshop unter <a href=\"http:\/\/www.kultur-r%25C3%25A4ume-gt.de\"><span class=\"s6\">theater-gt.de<\/span><\/a> und unter <\/span><span class=\"s8\">stadthalle-gt.de<\/span><\/p>\n<p class=\"p6\">\n","protected":false},"excerpt":{"rendered":"<div class=\"mh-excerpt\"><p>Donnerstag, 11. Dezember 2025, 20.00 Uhr Stadthalle, Gro\u00dfer Saal NATURALLY 7 \u201cCloser Look &#8211; 25 Years\u201d Tour \u2013 Anders als alle anderen, atemberaubend, faszinierend \u2013 NATURALLY 7 erzeugen den facettenreichen Klangkosmos einer ganzen Band vom Sound des Schlagzeugs, \u00fcber den Bass, die Gitarre, die Mundharmonika oder auch der Posaune \u2013 und das vollkommen ohne Instrumente! <a class=\"mh-excerpt-more\" href=\"https:\/\/www.marktplatz-hsw.de\/index.php\/2025\/11\/25\/kultur-raeume-guetersloh-das-programm-vom-08-bis-14-dezember-2025\/\" title=\"Kultur R\u00e4ume G\u00fctersloh: Das Programm vom 08. bis 14. Dezember 2025\">[&#8230;]<\/a><\/p>\n<\/div>","protected":false},"author":1,"featured_media":3769,"comment_status":"closed","ping_status":"closed","sticky":false,"template":"","format":"standard","meta":{"footnotes":""},"categories":[9],"tags":[],"class_list":["post-12448","post","type-post","status-publish","format-standard","has-post-thumbnail","hentry","category-guetersloh"],"_links":{"self":[{"href":"https:\/\/www.marktplatz-hsw.de\/index.php\/wp-json\/wp\/v2\/posts\/12448","targetHints":{"allow":["GET"]}}],"collection":[{"href":"https:\/\/www.marktplatz-hsw.de\/index.php\/wp-json\/wp\/v2\/posts"}],"about":[{"href":"https:\/\/www.marktplatz-hsw.de\/index.php\/wp-json\/wp\/v2\/types\/post"}],"author":[{"embeddable":true,"href":"https:\/\/www.marktplatz-hsw.de\/index.php\/wp-json\/wp\/v2\/users\/1"}],"replies":[{"embeddable":true,"href":"https:\/\/www.marktplatz-hsw.de\/index.php\/wp-json\/wp\/v2\/comments?post=12448"}],"version-history":[{"count":1,"href":"https:\/\/www.marktplatz-hsw.de\/index.php\/wp-json\/wp\/v2\/posts\/12448\/revisions"}],"predecessor-version":[{"id":12449,"href":"https:\/\/www.marktplatz-hsw.de\/index.php\/wp-json\/wp\/v2\/posts\/12448\/revisions\/12449"}],"wp:featuredmedia":[{"embeddable":true,"href":"https:\/\/www.marktplatz-hsw.de\/index.php\/wp-json\/wp\/v2\/media\/3769"}],"wp:attachment":[{"href":"https:\/\/www.marktplatz-hsw.de\/index.php\/wp-json\/wp\/v2\/media?parent=12448"}],"wp:term":[{"taxonomy":"category","embeddable":true,"href":"https:\/\/www.marktplatz-hsw.de\/index.php\/wp-json\/wp\/v2\/categories?post=12448"},{"taxonomy":"post_tag","embeddable":true,"href":"https:\/\/www.marktplatz-hsw.de\/index.php\/wp-json\/wp\/v2\/tags?post=12448"}],"curies":[{"name":"wp","href":"https:\/\/api.w.org\/{rel}","templated":true}]}}