{"id":12459,"date":"2025-11-26T11:02:40","date_gmt":"2025-11-26T10:02:40","guid":{"rendered":"https:\/\/www.marktplatz-hsw.de\/?p=12459"},"modified":"2025-11-26T11:02:40","modified_gmt":"2025-11-26T10:02:40","slug":"lars-muckhoff-war-beim-jugendlandtag","status":"publish","type":"post","link":"https:\/\/www.marktplatz-hsw.de\/index.php\/2025\/11\/26\/lars-muckhoff-war-beim-jugendlandtag\/","title":{"rendered":"Lars Muckhoff war beim Jugendlandtag"},"content":{"rendered":"<p class=\"p8\">In der Landeshauptstadt D\u00fcsseldorf hat im November der 15. \u201eJugendlandtag Nordrhein-Westfalen\u201c stattgefunden. Bereits seit 2008 gibt es die dreit\u00e4gige Veranstaltung im D\u00fcsseldorfer Parlament. Dabei werden die parlamentarischen Abl\u00e4ufe von Fraktionssitzungen \u00fcber Ausschusssitzungen bis hin zur Plenarsitzung nachgestellt. Die 16- bis 20-j\u00e4hrigen Jugendlichen k\u00f6nnen dabei in die Rolle der Abgeordneten schl\u00fcpfen und den Arbeitsalltag eines Politikers bzw. einer Politikerin selbst erleben. Ziel ist es, \u00fcber die parlamentarische Arbeit zu informieren und zu langfristigem politischem Engagement zu ermuntern. H\u00f6hepunkt des Jugendlandtags ist die Plenarsitzung. Das Besondere daran ist, dass die Beschl\u00fcsse der Jugendlichen an den Hauptausschuss des richtigen Landtags \u00fcbermittelt werden.<\/p>\n<p class=\"p8\">Der heimische Landtagsabgeordnete Raphael Tigges, zust\u00e4ndig f\u00fcr G\u00fctersloh, Harsewinkel und Herzebrock-Clarholz, wurde in diesem Jahr von Lars Muckhoff aus Marienfeld vertreten. \u201eDer Jugendlandtag ist eine tolle M\u00f6glichkeit f\u00fcr politisch interessierte junge Menschen, demokratische Abstimmungsprozesse und parlamentarische Spielregeln kennenzulernen\u201c, sagt Tigges. \u201eDie Themen, die beim Jugendlandtag behandelt werden, k\u00f6nnen die Teilnehmer selbst aussuchen.\u201c In diesem Jahr debattierten die jungen Abgeordneten zum Beispiel \u00fcber das Deutschland-Ticket und seine Auswirkungen auf die Umwelt und den finanziellen Haushalt. \u201eMein Grund f\u00fcr die Teilnahme am Jugendlandtag war, dass sie die Chance geboten hat, auch als Jugendlicher in der Politik mitzumachen. Besonders spannend fand ich es, in der Fraktionssitzung \u00fcber verschiedene politische Themen zu diskutieren und zu entscheiden, wie wir als CDU-Fraktion dazu stehen. Ebenso interessant war es dann, in der gro\u00dfen Plenarsitzung mit den Ansichten der anderen Fraktionen konfrontiert zu werden und sich hier erneut abstimmen zu m\u00fcssen. Insgesamt war der Jugend-Landtag eine tolle Erfahrung, die ich anderen politisch interessierten Jugendlichen nur weiterempfehlen kann.\u201c Die Bewerbungen zur Teilnahme laufen ausschlie\u00dflich \u00fcber die B\u00fcros der Abgeordneten. Die Teilnahmem\u00f6glichkeit am n\u00e4chsten Jugendlandtag wird rechtzeitig im Vorfeld \u00fcber die Medien bekanntgegeben.<\/p>\n<p><img loading=\"lazy\" decoding=\"async\" class=\"alignnone size-full wp-image-12460\" src=\"https:\/\/www.marktplatz-hsw.de\/wp-content\/uploads\/2025\/11\/Tigges-Muckhoff-Kopie.jpg\" alt=\"\" width=\"1000\" height=\"541\" srcset=\"https:\/\/www.marktplatz-hsw.de\/wp-content\/uploads\/2025\/11\/Tigges-Muckhoff-Kopie.jpg 1000w, https:\/\/www.marktplatz-hsw.de\/wp-content\/uploads\/2025\/11\/Tigges-Muckhoff-Kopie-300x162.jpg 300w, https:\/\/www.marktplatz-hsw.de\/wp-content\/uploads\/2025\/11\/Tigges-Muckhoff-Kopie-768x415.jpg 768w\" sizes=\"auto, (max-width: 1000px) 100vw, 1000px\" \/><\/p>\n<p class=\"p8\">Der Landtagsabgeordnete Raphael Tigges (l.) und sein Vertreter im Jugend-Landtag Lars Muckhoff vor der CDU-Kreisgesch\u00e4ftsstelle in G\u00fctersloh.<\/p>\n<p>Foto: CDU<\/p>\n","protected":false},"excerpt":{"rendered":"<div class=\"mh-excerpt\"><p>In der Landeshauptstadt D\u00fcsseldorf hat im November der 15. \u201eJugendlandtag Nordrhein-Westfalen\u201c stattgefunden. Bereits seit 2008 gibt es die dreit\u00e4gige Veranstaltung im D\u00fcsseldorfer Parlament. Dabei werden die parlamentarischen Abl\u00e4ufe von Fraktionssitzungen \u00fcber Ausschusssitzungen bis hin zur Plenarsitzung nachgestellt. Die 16- bis 20-j\u00e4hrigen Jugendlichen k\u00f6nnen dabei in die Rolle der Abgeordneten schl\u00fcpfen und den Arbeitsalltag eines Politikers <a class=\"mh-excerpt-more\" href=\"https:\/\/www.marktplatz-hsw.de\/index.php\/2025\/11\/26\/lars-muckhoff-war-beim-jugendlandtag\/\" title=\"Lars Muckhoff war beim Jugendlandtag\">[&#8230;]<\/a><\/p>\n<\/div>","protected":false},"author":1,"featured_media":12460,"comment_status":"closed","ping_status":"closed","sticky":false,"template":"","format":"standard","meta":{"footnotes":""},"categories":[9],"tags":[],"class_list":["post-12459","post","type-post","status-publish","format-standard","has-post-thumbnail","hentry","category-guetersloh"],"_links":{"self":[{"href":"https:\/\/www.marktplatz-hsw.de\/index.php\/wp-json\/wp\/v2\/posts\/12459","targetHints":{"allow":["GET"]}}],"collection":[{"href":"https:\/\/www.marktplatz-hsw.de\/index.php\/wp-json\/wp\/v2\/posts"}],"about":[{"href":"https:\/\/www.marktplatz-hsw.de\/index.php\/wp-json\/wp\/v2\/types\/post"}],"author":[{"embeddable":true,"href":"https:\/\/www.marktplatz-hsw.de\/index.php\/wp-json\/wp\/v2\/users\/1"}],"replies":[{"embeddable":true,"href":"https:\/\/www.marktplatz-hsw.de\/index.php\/wp-json\/wp\/v2\/comments?post=12459"}],"version-history":[{"count":1,"href":"https:\/\/www.marktplatz-hsw.de\/index.php\/wp-json\/wp\/v2\/posts\/12459\/revisions"}],"predecessor-version":[{"id":12461,"href":"https:\/\/www.marktplatz-hsw.de\/index.php\/wp-json\/wp\/v2\/posts\/12459\/revisions\/12461"}],"wp:featuredmedia":[{"embeddable":true,"href":"https:\/\/www.marktplatz-hsw.de\/index.php\/wp-json\/wp\/v2\/media\/12460"}],"wp:attachment":[{"href":"https:\/\/www.marktplatz-hsw.de\/index.php\/wp-json\/wp\/v2\/media?parent=12459"}],"wp:term":[{"taxonomy":"category","embeddable":true,"href":"https:\/\/www.marktplatz-hsw.de\/index.php\/wp-json\/wp\/v2\/categories?post=12459"},{"taxonomy":"post_tag","embeddable":true,"href":"https:\/\/www.marktplatz-hsw.de\/index.php\/wp-json\/wp\/v2\/tags?post=12459"}],"curies":[{"name":"wp","href":"https:\/\/api.w.org\/{rel}","templated":true}]}}