{"id":14700,"date":"2026-09-01T05:33:56","date_gmt":"2026-09-01T03:33:56","guid":{"rendered":"https:\/\/www.marktplatz-hsw.de\/?p=14700"},"modified":"2026-08-17T10:38:07","modified_gmt":"2026-08-17T08:38:07","slug":"stadtfuehrungen-im-september-in-harsewinkel-und-marienfeld","status":"publish","type":"post","link":"https:\/\/www.marktplatz-hsw.de\/index.php\/2026\/09\/01\/stadtfuehrungen-im-september-in-harsewinkel-und-marienfeld\/","title":{"rendered":"Stadtf\u00fchrungen im September in Harsewinkel und Marienfeld"},"content":{"rendered":"<p class=\"p1\"><i>Ob G\u00e4ste der Stadt, Einheimische oder Neuzugezogene \u2013 bei den Harsewinkeler Stadtf\u00fchrungen gibt es das ganze Jahr \u00fcber Spannendes zu entdecken. Die G\u00e4stef\u00fchrerinnen und G\u00e4stef\u00fchrer der Stadt Harsewinkel geben interessante Einblicke in Harsewinkels Geschichte, Kultur, Natur und besondere Orte.<\/i><\/p>\n<p class=\"p6\">Auch im Sp\u00e4tsommer 2026 stehen an vier Terminen wieder drei abwechslungsreiche F\u00fchrungen mit unterschiedlichen Themenschwerpunkten auf dem Programm. Die Stadt Harsewinkel sowie G\u00e4stef\u00fchrerin B\u00e4rbel Tophinke und G\u00e4stef\u00fchrer J\u00fcrgen Steinbeck laden herzlich dazu ein, Harsewinkel einmal aus neuen Perspektiven kennenzulernen. Welche F\u00fchrungen angeboten werden und wann sie stattfinden, zeigt die \u00dcbersicht:<\/p>\n<p class=\"p6\"><b>12.09.2026 und 18.10.2026:<\/b><\/p>\n<p class=\"p6\"><b>Im Schatten der Klostermauern \u2013 Eine Zeitreise ins Mittelalter mit &#8222;Bruder Matthias&#8220;<\/b><\/p>\n<p class=\"p6\">G\u00e4stef\u00fchrer: J\u00fcrgen Steinbeck<br \/>\nBeginn: 15:00 Uhr. Dauer: ca. 90 Minuten.<br \/>\nTreffpunkt: Kloster Marienfeld, vor dem Haupteingang der Abteikirche (Klosterhof 11, 33428 Marienfeld)<br \/>\nKosten: 8 Euro pro Person. Die Zahlung erfolgt in bar vor Ort.<br \/>\nDie Anmeldung wird erbeten unter\u00a0<a href=\"tel:0160%204186390\">0160 4186390<\/a>\u00a0oder<br \/>\nper E-Mail an <a href=\"mailto:juergensteinbeck@online.de\">juergensteinbeck@online.de<\/a><\/p>\n<p class=\"p6\">In der Rolle des frommen M\u00f6nchs \u201eBruder Matthias\u201c nimmt G\u00e4stef\u00fchrer J\u00fcrgen Steinbeck die Teilnehmenden mit auf eine eindrucksvolle Reise in das 12. Jahrhundert. Mit authentischer Kutte, lebendiger Erz\u00e4hlweise und fundiertem historischem Wissen berichtet er vom kl\u00f6sterlichen Alltag der Zisterzienser, von Gebet und Arbeit, strengen Ordensregeln, dem tragischen Mord an Abt Bernhard sowie vom geistlichen Leben, das die Mauern des Klosters bis heute pr\u00e4gt. Der Rundgang f\u00fchrt durch die ehrw\u00fcrdigen Hallen, Kreuzg\u00e4nge und \u00fcber den Klosterplatz und macht die Geschichte des Klosters Marienfeld auf besondere Weise erlebbar.<\/p>\n<p class=\"p6\"><b>13.09.2026:<\/b><\/p>\n<p class=\"p6\"><b>Von Kutten und Kragen<\/b><br \/>\nG\u00e4stef\u00fchrerin: B\u00e4rbel Tophinke<br \/>\nBeginn: 15:00 Uhr. Dauer: ca. 90 Minuten.<br \/>\nTreffpunkt: Kloster Marienfeld, Denkmal\/Mahnmal (&#8222;Brunnenh\u00e4uschen&#8220;) gegen\u00fcber dem Eingang der Klosterpforte in Marienfeld (Klosterstra\u00dfe, 33428 Marienfeld)<br \/>\nKosten: 8 Euro pro Person, keine Erm\u00e4\u00dfigung m\u00f6glich. Die Zahlung erfolgt in bar vor Ort.<br \/>\nDie Anmeldung wird erbeten unter\u00a0<a href=\"tel:0160%2097736188\">0160 97736188<\/a>\u00a0oder<br \/>\nper E-Mail an\u00a0<a href=\"mailto:nicole.kockentiedt@harsewinkel.de\">willkommen@geschichte-anders-erzaehlt.de<\/a><\/p>\n<p class=\"p6\">B\u00e4rbel Tophinke gibt den Teilnehmenden spannende Einblicke in das Mittelalter, bei denen Mode, Alltag und gesellschaftliche Ordnung im Mittelpunkt stehen. Dabei geht es um die \u00fcberraschend enge Verbindung zwischen Klosterleben und Ritterwelt und darum, was Kleidung \u00fcber Stand, Geschlecht und gesellschaftliche Rollen verriet. Spannende Fragen geben Einblicke in den mittelalterlichen Alltag: Was trugen Ritter abseits ihrer R\u00fcstung? Wie schliefen M\u00f6nche? Und gab es bereits eine mittelalterliche \u201eJogginghose\u201c oder sogar eine Art \u201eHaute Couture\u201c? Die F\u00fchrung l\u00e4dt dazu ein, Geschichte einmal durch die modische Brille zu betrachten und dabei \u00fcberraschende Einblicke in das Leben hinter den Klostermauern und in die gesellschaftlichen Normen des Mittelalters zu gewinnen.<\/p>\n<p class=\"p6\"><b>27.09.2026:<br \/>\n<\/b><b>Das geht auf keine Kuhhaut!<\/b><br \/>\nG\u00e4stef\u00fchrerin: B\u00e4rbel Tophinke<br \/>\nBeginn: 15:00 Uhr. Dauer: ca. 90 Minuten.<br \/>\nTreffpunkt: Kloster Marienfeld, Denkmal\/Mahnmal (&#8222;Brunnenh\u00e4uschen&#8220;) gegen\u00fcber dem Eingang der Klosterpforte in Marienfeld (Klosterstra\u00dfe, 33428 Marienfeld)<br \/>\nKosten: 8 Euro pro Person, keine Erm\u00e4\u00dfigung m\u00f6glich. Die Zahlung erfolgt in bar vor Ort.<br \/>\nDie Anmeldung wird erbeten unter\u00a0<a href=\"tel:0160%2097736188\">0160 97736188<\/a>\u00a0oder<br \/>\nper E-Mail an\u00a0<a href=\"mailto:nicole.kockentiedt@harsewinkel.de\">willkommen@geschichte-anders-erzaehlt.de<\/a><\/p>\n<p class=\"p6\">G\u00e4stef\u00fchrerin B\u00e4rbel Tophinke begleitet die Teilnehmenden auf einen unterhaltsamen Spaziergang rund um das Kloster Marienfeld. Dabei geht es um allt\u00e4gliche Redewendungen, deren Ursprung bis ins Mittelalter oder in die fr\u00fche Neuzeit zur\u00fcckreicht und oft einen \u00fcberraschenden Bezug zum Leben im und am Kloster haben. Was bedeutet eigentlich \u201eDas geht auf keine Kuhhaut\u201c? Und was hat es mit \u201eetwas auf dem Kerbholz haben\u201c auf sich? Die F\u00fchrung zeigt, woher bekannte Redensarten kommen, welche Geschichten dahinterstecken und wie sie ihren Weg in unseren heutigen Sprachgebrauch gefunden haben.<\/p>\n<p class=\"p6\">Eine stets aktuelle \u00dcbersicht \u00fcber alle Stadtf\u00fchrungen finden Interessierte auf der Website der Stadt Harsewinkel unter <a href=\"http:\/\/www.harsewinkel.de\"><span class=\"s6\">www.harsewinkel.de<\/span><\/a>. Viele von ihnen k\u00f6nnen auch individuell und exklusiv als Gruppe \u00fcber den jeweiligen Stadtf\u00fchrer bzw. die jeweilige Stadtf\u00fchrerin gebucht werden.<\/p>\n<figure id=\"attachment_14701\" aria-describedby=\"caption-attachment-14701\" style=\"width: 1000px\" class=\"wp-caption alignnone\"><img loading=\"lazy\" decoding=\"async\" class=\"size-full wp-image-14701\" src=\"https:\/\/www.marktplatz-hsw.de\/wp-content\/uploads\/2026\/08\/Juergen-Steinbeck-als-Bruder-Matthias-mit-Laterne-vor-der-Tuer-c-Stadt-Harsewinkel-Kopie.jpg\" alt=\"\" width=\"1000\" height=\"667\" srcset=\"https:\/\/www.marktplatz-hsw.de\/wp-content\/uploads\/2026\/08\/Juergen-Steinbeck-als-Bruder-Matthias-mit-Laterne-vor-der-Tuer-c-Stadt-Harsewinkel-Kopie.jpg 1000w, https:\/\/www.marktplatz-hsw.de\/wp-content\/uploads\/2026\/08\/Juergen-Steinbeck-als-Bruder-Matthias-mit-Laterne-vor-der-Tuer-c-Stadt-Harsewinkel-Kopie-300x200.jpg 300w, https:\/\/www.marktplatz-hsw.de\/wp-content\/uploads\/2026\/08\/Juergen-Steinbeck-als-Bruder-Matthias-mit-Laterne-vor-der-Tuer-c-Stadt-Harsewinkel-Kopie-768x512.jpg 768w\" sizes=\"auto, (max-width: 1000px) 100vw, 1000px\" \/><figcaption id=\"caption-attachment-14701\" class=\"wp-caption-text\">Ju\u0308rgen Steinbeck als Bruder Matthias mit Laterne vor der Tu\u0308r (Foto: Stadt Harsewinkel)<\/figcaption><\/figure>\n<p class=\"p6\"><img loading=\"lazy\" decoding=\"async\" class=\"alignnone size-full wp-image-14702\" src=\"https:\/\/www.marktplatz-hsw.de\/wp-content\/uploads\/2026\/08\/Baerbel-Tophinke-in-der-Abtei-des-Klosters-Marienfeld-c-Stadt-Harsewinkel-Kopie.jpg\" alt=\"\" width=\"1000\" height=\"667\" srcset=\"https:\/\/www.marktplatz-hsw.de\/wp-content\/uploads\/2026\/08\/Baerbel-Tophinke-in-der-Abtei-des-Klosters-Marienfeld-c-Stadt-Harsewinkel-Kopie.jpg 1000w, https:\/\/www.marktplatz-hsw.de\/wp-content\/uploads\/2026\/08\/Baerbel-Tophinke-in-der-Abtei-des-Klosters-Marienfeld-c-Stadt-Harsewinkel-Kopie-300x200.jpg 300w, https:\/\/www.marktplatz-hsw.de\/wp-content\/uploads\/2026\/08\/Baerbel-Tophinke-in-der-Abtei-des-Klosters-Marienfeld-c-Stadt-Harsewinkel-Kopie-768x512.jpg 768w\" sizes=\"auto, (max-width: 1000px) 100vw, 1000px\" \/><\/p>\n<p class=\"p6\"><b><\/b>G\u00e4stef\u00fchrerin B\u00e4rbel Tophinke in der Abtei des Klosters Marienfeld<\/p>\n<p class=\"p6\">(Fotos: Stadt Harsewinkel)<\/p>\n","protected":false},"excerpt":{"rendered":"<div class=\"mh-excerpt\"><p>Ob G\u00e4ste der Stadt, Einheimische oder Neuzugezogene \u2013 bei den Harsewinkeler Stadtf\u00fchrungen gibt es das ganze Jahr \u00fcber Spannendes zu entdecken. Die G\u00e4stef\u00fchrerinnen und G\u00e4stef\u00fchrer der Stadt Harsewinkel geben interessante Einblicke in Harsewinkels Geschichte, Kultur, Natur und besondere Orte. Auch im Sp\u00e4tsommer 2026 stehen an vier Terminen wieder drei abwechslungsreiche F\u00fchrungen mit unterschiedlichen Themenschwerpunkten auf <a class=\"mh-excerpt-more\" href=\"https:\/\/www.marktplatz-hsw.de\/index.php\/2026\/09\/01\/stadtfuehrungen-im-september-in-harsewinkel-und-marienfeld\/\" title=\"Stadtf\u00fchrungen im September in Harsewinkel und Marienfeld\">[&#8230;]<\/a><\/p>\n<\/div>","protected":false},"author":1,"featured_media":14701,"comment_status":"closed","ping_status":"closed","sticky":false,"template":"","format":"standard","meta":{"footnotes":""},"categories":[3],"tags":[],"class_list":["post-14700","post","type-post","status-publish","format-standard","has-post-thumbnail","hentry","category-harsewinkel"],"_links":{"self":[{"href":"https:\/\/www.marktplatz-hsw.de\/index.php\/wp-json\/wp\/v2\/posts\/14700","targetHints":{"allow":["GET"]}}],"collection":[{"href":"https:\/\/www.marktplatz-hsw.de\/index.php\/wp-json\/wp\/v2\/posts"}],"about":[{"href":"https:\/\/www.marktplatz-hsw.de\/index.php\/wp-json\/wp\/v2\/types\/post"}],"author":[{"embeddable":true,"href":"https:\/\/www.marktplatz-hsw.de\/index.php\/wp-json\/wp\/v2\/users\/1"}],"replies":[{"embeddable":true,"href":"https:\/\/www.marktplatz-hsw.de\/index.php\/wp-json\/wp\/v2\/comments?post=14700"}],"version-history":[{"count":1,"href":"https:\/\/www.marktplatz-hsw.de\/index.php\/wp-json\/wp\/v2\/posts\/14700\/revisions"}],"predecessor-version":[{"id":14703,"href":"https:\/\/www.marktplatz-hsw.de\/index.php\/wp-json\/wp\/v2\/posts\/14700\/revisions\/14703"}],"wp:featuredmedia":[{"embeddable":true,"href":"https:\/\/www.marktplatz-hsw.de\/index.php\/wp-json\/wp\/v2\/media\/14701"}],"wp:attachment":[{"href":"https:\/\/www.marktplatz-hsw.de\/index.php\/wp-json\/wp\/v2\/media?parent=14700"}],"wp:term":[{"taxonomy":"category","embeddable":true,"href":"https:\/\/www.marktplatz-hsw.de\/index.php\/wp-json\/wp\/v2\/categories?post=14700"},{"taxonomy":"post_tag","embeddable":true,"href":"https:\/\/www.marktplatz-hsw.de\/index.php\/wp-json\/wp\/v2\/tags?post=14700"}],"curies":[{"name":"wp","href":"https:\/\/api.w.org\/{rel}","templated":true}]}}