{"id":14748,"date":"2026-08-29T05:07:45","date_gmt":"2026-08-29T03:07:45","guid":{"rendered":"https:\/\/www.marktplatz-hsw.de\/?p=14748"},"modified":"2026-08-18T13:04:52","modified_gmt":"2026-08-18T11:04:52","slug":"landeier-revival-fuer-zwei-tage-helau-again-zusatzshow","status":"publish","type":"post","link":"https:\/\/www.marktplatz-hsw.de\/index.php\/2026\/08\/29\/landeier-revival-fuer-zwei-tage-helau-again-zusatzshow\/","title":{"rendered":"Landeier-Revival f\u00fcr zwei Tage: \u201eHelau again! Zusatzshow\u201c"},"content":{"rendered":"<p>Im Jahr 2001 fing alles an. Vor 25 Jahren standen die Landeier zum ersten Mal vor der Fernsehkamera. In der zweiten Vorrundensendung der N\u00e4rrischen Hitparade im WDR Fernsehen gewannen die Musiker aus Harsewinkel damals durch TED-Abstimmung und zogen somit in das Finale ein, welches ein paar Wochen sp\u00e4ter live aus der Philipshalle in D\u00fcsseldorf \u00fcbertragen wurde. Hier holten die Landeier sich das goldene Mikrofon mit \u201eKarneval im Bullenstall\u201c und tourten anschlie\u00dfend 19 Jahre lang durch die S\u00e4le in NRW und weit dar\u00fcber hinaus.<\/p>\n<p>Im Jahr nach dem ersten Gesamtsieg der N\u00e4rrischen Hitparade wurde Harsewinkel dann zum Austragungsort einer Vorrundensendung. Im Januar 2002 gab es eine aufw\u00e4ndige Livesendung aus der Dreifachhalle in Harsewinkel. Ein Ereignis, das Harsewinkel sowohl begeistert als auch gro\u00dfartig in den Fokus der n\u00e4rrischen \u00d6ffentlichkeit ger\u00fcckt hat. \u00dcber 100 Mitarbeitende und Mitwirkende waren damals aktiv an den Vorbereitungen der Sendung beteiligt. Hunderte G\u00e4ste konnten live im Publikum dabei sein; die Sendung wurde zeitgleich auch auf eine Gro\u00dfbildleinwand in der Mehrzweckhalle \u00fcbertragen, da der Platz in der Dreifachturnhalle ruck zuck ausverkauft war.<\/p>\n<p>Nun, knapp acht Jahre nach dem Ende der Landeier in 2019, planen die Musiker anl\u00e4sslich dieses Jubil\u00e4ums eine echte \u00dcberraschung:<\/p>\n<p>Am 02.01.2027 findet, wie bereits berichtet, um 19:00 Uhr ein Revival dieser Gro\u00dfveranstaltung an gleicher Stelle statt. Der Kartenvorverkauf zu dieser \u201eHelau again! Show\u201c in der Mehrzweckhalle war bereits Anfang dieses Jahres. Schon nach wenigen Tagen waren alle 780 Eintrittskarten ausverkauft.<\/p>\n<p>Da aber immer wieder Nachfragen kommen und es anscheinend noch viele Interessierte gibt, haben sich die Lebenshilfe als Veranstalter und die Landeier als Ausrichter nun dazu entschieden am Sonntag, 03.01.2027 eine Zusatzshow um 12:00 Uhr anzubieten. Einlass f\u00fcr die Zuschauer, die verkleidet kommen sollen, ist dann bereits um 11:00 Uhr.<\/p>\n<p>Zwar wird es wohl keine \u00dcbertragung im TV geben, daf\u00fcr aber einige R\u00fcckblicke, Begegnungen, \u00dcberraschungsg\u00e4ste und nat\u00fcrlich eine gro\u00dfe Party. Selbstverst\u00e4ndlich darf ein stimmungsgeladener Auftritt der Landeier auch bei dieser Show nicht fehlen. Bei beiden Veranstaltungen wird es nach der Show und dem Landeierauftritt noch ausreichend Zeit f\u00fcr Party und Tanz mit einem DJ geben. Au\u00dferdem darf man sich auf eine Erlebnis-Getr\u00e4nke-Theke freuen, die es in Harsewinkel so noch nicht gegeben hat\u2026<\/p>\n<p>Da die Landeier von Beginn an immer auf eine gro\u00dfe Fanschar im Tiemanns Hof und bei der Lebenshilfe bauen konnten, haben sie sich genau diesen Partner als Veranstalter f\u00fcr das Revival 2027 mit ins Boot geholt. Denn der Erl\u00f6s dieser Benefiz-Veranstaltung wird zu 100% den Bewohnerinnen und Bewohnern der Lebenshilfe-Einrichtungen zugutekommen.<\/p>\n<p>Da eine Show in diesem Umfang mit einer entsprechend gro\u00dfen Leinwand und guter Ton\u00fcbertragung f\u00fcr eine voll besetzte Mehrzweckhalle alles andere als g\u00fcnstig ist, freuen sich Lebenshilfe und Landeier sehr \u00fcber die Sponsoring-Zusagen vieler heimischer Unternehmer. Diese werden w\u00e4hrend der Veranstaltung auch in kurzen Filmbeitr\u00e4gen zu sehen sein, denn jeweils ein Landei und eine Bewohnerin \/ ein Bewohner der Lebenshilfe-Einrichtungen in Harsewinkel besuchen derzeit die gewerblichen Unterst\u00fctzer und drehen dort kurze Videosequenzen. Schon bei dieser vorbereitenden Aktion gab viele positive Begegnungen mit integrativem Ansatz, die die Vorfreude auf die gemeinsame Veranstaltung richtig anfeuern.<\/p>\n<p>Wichtig ist: Es ist kein Comeback der Landeier geplant, sondern nur diese beiden Shows am 02. und 03. Januar 2027 f\u00fcr den guten Zweck.<\/p>\n<p>Der Kartenvorverkauf f\u00fcr die Zusatzshow am 03.01.2027 in der Mehrzweckhalle Harsewinkel wird am Sonntag, 30.08.2026 um 12:00 Uhr mittags exklusiv online unter <a href=\"http:\/\/www.wirverticken.de\/\">www.wirverticken.de<\/a> freigeschaltet. Interessierte sollten schnell sein, bevor wieder alle Karten vergriffen sind.<\/p>\n<p><img loading=\"lazy\" decoding=\"async\" class=\"alignnone size-full wp-image-14750\" src=\"https:\/\/www.marktplatz-hsw.de\/wp-content\/uploads\/2026\/08\/Landeier135-Kopie.jpg\" alt=\"\" width=\"1000\" height=\"1106\" srcset=\"https:\/\/www.marktplatz-hsw.de\/wp-content\/uploads\/2026\/08\/Landeier135-Kopie.jpg 1000w, https:\/\/www.marktplatz-hsw.de\/wp-content\/uploads\/2026\/08\/Landeier135-Kopie-271x300.jpg 271w, https:\/\/www.marktplatz-hsw.de\/wp-content\/uploads\/2026\/08\/Landeier135-Kopie-926x1024.jpg 926w, https:\/\/www.marktplatz-hsw.de\/wp-content\/uploads\/2026\/08\/Landeier135-Kopie-768x849.jpg 768w\" sizes=\"auto, (max-width: 1000px) 100vw, 1000px\" \/><\/p>\n<p>Fotos: Landeier<\/p>\n","protected":false},"excerpt":{"rendered":"<div class=\"mh-excerpt\"><p>Im Jahr 2001 fing alles an. Vor 25 Jahren standen die Landeier zum ersten Mal vor der Fernsehkamera. In der zweiten Vorrundensendung der N\u00e4rrischen Hitparade im WDR Fernsehen gewannen die Musiker aus Harsewinkel damals durch TED-Abstimmung und zogen somit in das Finale ein, welches ein paar Wochen sp\u00e4ter live aus der Philipshalle in D\u00fcsseldorf \u00fcbertragen <a class=\"mh-excerpt-more\" href=\"https:\/\/www.marktplatz-hsw.de\/index.php\/2026\/08\/29\/landeier-revival-fuer-zwei-tage-helau-again-zusatzshow\/\" title=\"Landeier-Revival f\u00fcr zwei Tage: \u201eHelau again! Zusatzshow\u201c\">[&#8230;]<\/a><\/p>\n<\/div>","protected":false},"author":1,"featured_media":14749,"comment_status":"closed","ping_status":"closed","sticky":false,"template":"","format":"standard","meta":{"footnotes":""},"categories":[3],"tags":[],"class_list":["post-14748","post","type-post","status-publish","format-standard","has-post-thumbnail","hentry","category-harsewinkel"],"_links":{"self":[{"href":"https:\/\/www.marktplatz-hsw.de\/index.php\/wp-json\/wp\/v2\/posts\/14748","targetHints":{"allow":["GET"]}}],"collection":[{"href":"https:\/\/www.marktplatz-hsw.de\/index.php\/wp-json\/wp\/v2\/posts"}],"about":[{"href":"https:\/\/www.marktplatz-hsw.de\/index.php\/wp-json\/wp\/v2\/types\/post"}],"author":[{"embeddable":true,"href":"https:\/\/www.marktplatz-hsw.de\/index.php\/wp-json\/wp\/v2\/users\/1"}],"replies":[{"embeddable":true,"href":"https:\/\/www.marktplatz-hsw.de\/index.php\/wp-json\/wp\/v2\/comments?post=14748"}],"version-history":[{"count":1,"href":"https:\/\/www.marktplatz-hsw.de\/index.php\/wp-json\/wp\/v2\/posts\/14748\/revisions"}],"predecessor-version":[{"id":14751,"href":"https:\/\/www.marktplatz-hsw.de\/index.php\/wp-json\/wp\/v2\/posts\/14748\/revisions\/14751"}],"wp:featuredmedia":[{"embeddable":true,"href":"https:\/\/www.marktplatz-hsw.de\/index.php\/wp-json\/wp\/v2\/media\/14749"}],"wp:attachment":[{"href":"https:\/\/www.marktplatz-hsw.de\/index.php\/wp-json\/wp\/v2\/media?parent=14748"}],"wp:term":[{"taxonomy":"category","embeddable":true,"href":"https:\/\/www.marktplatz-hsw.de\/index.php\/wp-json\/wp\/v2\/categories?post=14748"},{"taxonomy":"post_tag","embeddable":true,"href":"https:\/\/www.marktplatz-hsw.de\/index.php\/wp-json\/wp\/v2\/tags?post=14748"}],"curies":[{"name":"wp","href":"https:\/\/api.w.org\/{rel}","templated":true}]}}