{"id":1476,"date":"2021-08-13T12:45:11","date_gmt":"2021-08-13T10:45:11","guid":{"rendered":"https:\/\/www.marktplatz-hsw.de\/?p=1476"},"modified":"2021-08-13T12:45:11","modified_gmt":"2021-08-13T10:45:11","slug":"ab-samstag-dem-14-08-2021-wieder-mehr-einschraenkungen-im-freibad-wegen-erreichen-der-inzidenzstufe-ii","status":"publish","type":"post","link":"https:\/\/www.marktplatz-hsw.de\/index.php\/2021\/08\/13\/ab-samstag-dem-14-08-2021-wieder-mehr-einschraenkungen-im-freibad-wegen-erreichen-der-inzidenzstufe-ii\/","title":{"rendered":"Ab Samstag, dem 14.08.2021 wieder mehr Einschr\u00e4nkungen im Freibad wegen Erreichen der Inzidenzstufe II"},"content":{"rendered":"<p><span style=\"font-size: small;\">Die Stadtverwaltung Harsewinkel weist darauf hin, dass die \u00d6ffnung des Bades auch weiterhin nur unter Pandemiebedingungen erfolgt. Aufgrund der erneut gestiegenen Inzidenzzahlen im Kreis G\u00fctersloh gelten jedoch ab Samstag, dem 14.08.2021 wieder weitreichendere Einschr\u00e4nkungen. <\/span><\/p>\n<p><span style=\"font-size: small;\">Der Einlass ist bis auf Weiteres nur mit einem negativen Corona-Test m\u00f6glich. F\u00fcr Geimpfte oder Genesene entf\u00e4llt eine Testpflicht. <\/span><\/p>\n<p><span style=\"font-size: small;\">Die Umkleiden und Duschen k\u00f6nnen wieder mit einer reduzierten Anzahl genutzt werden. <\/span><span style=\"font-size: small;\">Die Startbl\u00f6cke, der Sprungturm, die Rutsche, die Kletterwand und der Kleinkindbereich sind ebenfalls wieder ge\u00f6ffnet. Auch die Liegewiesen sind freigegeben. Es sind jeweils der Mindestabstand und Hygienevorschriften zu beachten. <\/span><\/p>\n<p><span style=\"font-size: small;\">Die Besuchergrenze liegt aktuell bei 500 Personen.<\/span><\/p>\n<p><span style=\"font-size: small;\">Die \u00d6ffnungszeiten sind entsprechend angepasst worden: <\/span><\/p>\n<table border=\"1\" width=\"405\" cellspacing=\"0\" cellpadding=\"8\">\n<tbody>\n<tr valign=\"TOP\">\n<td width=\"174\"><span style=\"font-size: small;\"><b>Montag<\/b><\/span><\/td>\n<td width=\"196\">\n<p align=\"RIGHT\"><span style=\"font-size: small;\"><b>8.30 Uhr \u2013 20.00 Uhr<\/b><\/span><\/p>\n<\/td>\n<\/tr>\n<tr valign=\"TOP\">\n<td width=\"174\"><span style=\"font-size: small;\"><b>Dienstag \u2013 Freitag<\/b><\/span><\/td>\n<td width=\"196\">\n<p align=\"RIGHT\"><span style=\"font-size: small;\"><b>6.00 Uhr \u2013 20.00 Uhr<\/b><\/span><\/p>\n<\/td>\n<\/tr>\n<tr valign=\"TOP\">\n<td width=\"174\"><span style=\"font-size: small;\"><b>Samstag<\/b><\/span><\/td>\n<td width=\"196\">\n<p align=\"RIGHT\"><span style=\"font-size: small;\"><b>7.00 Uhr \u2013 19.00 Uhr<\/b><\/span><\/p>\n<\/td>\n<\/tr>\n<tr valign=\"TOP\">\n<td width=\"174\"><span style=\"font-size: small;\"><b>Sonntag<\/b><\/span><\/td>\n<td width=\"196\">\n<p align=\"RIGHT\"><span style=\"font-size: small;\"><b>8.00 Uhr \u2013 19.00 Uhr<\/b><\/span><\/p>\n<\/td>\n<\/tr>\n<\/tbody>\n<\/table>\n<p><span style=\"font-size: small;\">Vor dem Betreten des Bades ist eine Registrierung der Kundenkontaktdaten erforderlich. Dies kann \u00fcber die Luca App erfolgen; es ist aber auch manuelle Registrierung vor Ort m\u00f6glich. <\/span><\/p>\n<p><span style=\"font-size: small;\">Im Eingangs- und Ausgangsbereich sowie in ausgewiesenen Bereichen des Bades besteht Maskenplicht (medizinische Maske).<\/span><\/p>\n","protected":false},"excerpt":{"rendered":"<div class=\"mh-excerpt\"><p>Die Stadtverwaltung Harsewinkel weist darauf hin, dass die \u00d6ffnung des Bades auch weiterhin nur unter Pandemiebedingungen erfolgt. Aufgrund der erneut gestiegenen Inzidenzzahlen im Kreis G\u00fctersloh gelten jedoch ab Samstag, dem 14.08.2021 wieder weitreichendere Einschr\u00e4nkungen. Der Einlass ist bis auf Weiteres nur mit einem negativen Corona-Test m\u00f6glich. F\u00fcr Geimpfte oder Genesene entf\u00e4llt eine Testpflicht. Die Umkleiden <a class=\"mh-excerpt-more\" href=\"https:\/\/www.marktplatz-hsw.de\/index.php\/2021\/08\/13\/ab-samstag-dem-14-08-2021-wieder-mehr-einschraenkungen-im-freibad-wegen-erreichen-der-inzidenzstufe-ii\/\" title=\"Ab Samstag, dem 14.08.2021 wieder mehr Einschr\u00e4nkungen im Freibad wegen Erreichen der Inzidenzstufe II\">[&#8230;]<\/a><\/p>\n<\/div>","protected":false},"author":1,"featured_media":1203,"comment_status":"closed","ping_status":"open","sticky":false,"template":"","format":"standard","meta":{"footnotes":""},"categories":[3],"tags":[],"class_list":["post-1476","post","type-post","status-publish","format-standard","has-post-thumbnail","hentry","category-harsewinkel"],"_links":{"self":[{"href":"https:\/\/www.marktplatz-hsw.de\/index.php\/wp-json\/wp\/v2\/posts\/1476","targetHints":{"allow":["GET"]}}],"collection":[{"href":"https:\/\/www.marktplatz-hsw.de\/index.php\/wp-json\/wp\/v2\/posts"}],"about":[{"href":"https:\/\/www.marktplatz-hsw.de\/index.php\/wp-json\/wp\/v2\/types\/post"}],"author":[{"embeddable":true,"href":"https:\/\/www.marktplatz-hsw.de\/index.php\/wp-json\/wp\/v2\/users\/1"}],"replies":[{"embeddable":true,"href":"https:\/\/www.marktplatz-hsw.de\/index.php\/wp-json\/wp\/v2\/comments?post=1476"}],"version-history":[{"count":1,"href":"https:\/\/www.marktplatz-hsw.de\/index.php\/wp-json\/wp\/v2\/posts\/1476\/revisions"}],"predecessor-version":[{"id":1477,"href":"https:\/\/www.marktplatz-hsw.de\/index.php\/wp-json\/wp\/v2\/posts\/1476\/revisions\/1477"}],"wp:featuredmedia":[{"embeddable":true,"href":"https:\/\/www.marktplatz-hsw.de\/index.php\/wp-json\/wp\/v2\/media\/1203"}],"wp:attachment":[{"href":"https:\/\/www.marktplatz-hsw.de\/index.php\/wp-json\/wp\/v2\/media?parent=1476"}],"wp:term":[{"taxonomy":"category","embeddable":true,"href":"https:\/\/www.marktplatz-hsw.de\/index.php\/wp-json\/wp\/v2\/categories?post=1476"},{"taxonomy":"post_tag","embeddable":true,"href":"https:\/\/www.marktplatz-hsw.de\/index.php\/wp-json\/wp\/v2\/tags?post=1476"}],"curies":[{"name":"wp","href":"https:\/\/api.w.org\/{rel}","templated":true}]}}