{"id":14840,"date":"2026-08-30T05:06:05","date_gmt":"2026-08-30T03:06:05","guid":{"rendered":"https:\/\/www.marktplatz-hsw.de\/?p=14840"},"modified":"2026-08-28T10:08:06","modified_gmt":"2026-08-28T08:08:06","slug":"aus-aepfeln-wird-wertvoller-saft","status":"publish","type":"post","link":"https:\/\/www.marktplatz-hsw.de\/index.php\/2026\/08\/30\/aus-aepfeln-wird-wertvoller-saft\/","title":{"rendered":"Aus \u00c4pfeln wird wertvoller Saft"},"content":{"rendered":"<p class=\"isSelectedEnd\"><strong>Umweltgruppe der Lokalen Agenda Harsewinkel l\u00e4dt zu Aktionen rund um Natur und Nachhaltigkeit ein.<\/strong><\/p>\n<p class=\"isSelectedEnd\">Noch h\u00e4ngen sie an den B\u00e4umen oder liegen in den G\u00e4rten: pr\u00e4chtige \u00c4pfel, die jetzt im Sp\u00e4tsommer und Herbst ihrer weiteren Bestimmung entgegengehen. F\u00fcr die Umweltgruppe der Lokalen Agenda Harsewinkel bedeutet das vor allem eines: Aus dem Obst soll m\u00f6glichst wertvoller Saft werden \u2013 und dabei soll nichts verloren gehen.<\/p>\n<p class=\"isSelectedEnd\">Die \u00c4pfel werden gewaschen, zerkleinert und anschlie\u00dfend gepresst. Der gewonnene Saft wird abgef\u00fcllt, w\u00e4hrend der zur\u00fcckbleibende trockene Trester als Viehfutter Verwendung findet. \u201eDa wird nichts weggeschmissen\u201c, beschreibt Josef Thomalla den nachhaltigen Kreislauf rund um die Saftpresse. Ein Foto aus dem vergangenen Jahr zeigt eindrucksvoll, wie die \u00c4pfel zun\u00e4chst noch frisch und appetitlich auf ihre Verarbeitung warten.<\/p>\n<p class=\"isSelectedEnd\">Auch in diesem Jahr ist die Umweltgruppe wieder mit ihrer Saftpresse aktiv. <strong>Am Donnerstag, 24. September, ab 9 Uhr<\/strong> wird an der Au\u00dfenwerkstatt der Gesamtschule Harsewinkel an der Oesterweger Stra\u00dfe 10 gepresst. Wer eigene \u00c4pfel oder Birnen zu Saft verarbeiten lassen m\u00f6chte, sollte in den kommenden Tagen auf weitere Informationen in der Tagespresse achten.<\/p>\n<p class=\"isSelectedEnd\">Der Saft aus den von der Lokalen Agenda selbst gesammelten \u00c4pfeln wird au\u00dferdem <strong>am Dienstag, 29. September, auf dem Harsewinkeler Wochenmarkt<\/strong> zum Verkauf angeboten.<\/p>\n<p class=\"isSelectedEnd\">Dar\u00fcber hinaus bietet die Umweltgruppe im September weitere M\u00f6glichkeiten zum Austausch und zur Information. <strong>Am Dienstag, 1. September, um 18 Uhr<\/strong> findet das monatliche Treffen im Heimathaus am Prozessionsweg 4 statt. Treffpunkt ist der Spitzboden \u00fcber der Garage. Eingeladen sind alle Natur- und Umweltinteressierten.<\/p>\n<p class=\"isSelectedEnd\">Bei der <strong>Vereinsmeile am Sonntag, 20. September, von 13 bis 18 Uhr<\/strong> ist die Umweltgruppe zudem mit einem eigenen Informationsstand vertreten. Dort k\u00f6nnen sich Interessierte \u00fcber die Arbeit und die verschiedenen Aktivit\u00e4ten der Lokalen Agenda informieren.<\/p>\n<p class=\"isSelectedEnd\">Weitere Termine und auch kurzfristig angesetzte Veranstaltungen ver\u00f6ffentlicht die Umweltgruppe auf ihrer Internetseite <a href=\"http:\/\/www.la-harsewinkel.de\"><strong>www.la-harsewinkel.de<\/strong><\/a>.<\/p>\n<p>Mit ihren Aktionen m\u00f6chte die Umweltgruppe zeigen, wie sich regionales Obst sinnvoll nutzen l\u00e4sst und wie aus scheinbar einfachen Dingen ein nachhaltiger Kreislauf entstehen kann \u2013 vom Apfel am Baum bis zum frisch gepressten Saft und der anschlie\u00dfenden Verwendung des Tresters.<\/p>\n<figure id=\"attachment_14841\" aria-describedby=\"caption-attachment-14841\" style=\"width: 1000px\" class=\"wp-caption alignnone\"><img loading=\"lazy\" decoding=\"async\" class=\"size-full wp-image-14841\" src=\"https:\/\/www.marktplatz-hsw.de\/wp-content\/uploads\/2026\/08\/Aepfel-PXL_20250925_134458230.MP-Kopie.jpg\" alt=\"\" width=\"1000\" height=\"563\" srcset=\"https:\/\/www.marktplatz-hsw.de\/wp-content\/uploads\/2026\/08\/Aepfel-PXL_20250925_134458230.MP-Kopie.jpg 1000w, https:\/\/www.marktplatz-hsw.de\/wp-content\/uploads\/2026\/08\/Aepfel-PXL_20250925_134458230.MP-Kopie-300x169.jpg 300w, https:\/\/www.marktplatz-hsw.de\/wp-content\/uploads\/2026\/08\/Aepfel-PXL_20250925_134458230.MP-Kopie-768x432.jpg 768w, https:\/\/www.marktplatz-hsw.de\/wp-content\/uploads\/2026\/08\/Aepfel-PXL_20250925_134458230.MP-Kopie-678x381.jpg 678w\" sizes=\"auto, (max-width: 1000px) 100vw, 1000px\" \/><figcaption id=\"caption-attachment-14841\" class=\"wp-caption-text\">Foto: Lokale Agenda Harsewinkel<\/figcaption><\/figure>\n","protected":false},"excerpt":{"rendered":"<div class=\"mh-excerpt\"><p>Umweltgruppe der Lokalen Agenda Harsewinkel l\u00e4dt zu Aktionen rund um Natur und Nachhaltigkeit ein. Noch h\u00e4ngen sie an den B\u00e4umen oder liegen in den G\u00e4rten: pr\u00e4chtige \u00c4pfel, die jetzt im Sp\u00e4tsommer und Herbst ihrer weiteren Bestimmung entgegengehen. F\u00fcr die Umweltgruppe der Lokalen Agenda Harsewinkel bedeutet das vor allem eines: Aus dem Obst soll m\u00f6glichst wertvoller <a class=\"mh-excerpt-more\" href=\"https:\/\/www.marktplatz-hsw.de\/index.php\/2026\/08\/30\/aus-aepfeln-wird-wertvoller-saft\/\" title=\"Aus \u00c4pfeln wird wertvoller Saft\">[&#8230;]<\/a><\/p>\n<\/div>","protected":false},"author":1,"featured_media":14841,"comment_status":"closed","ping_status":"closed","sticky":false,"template":"","format":"standard","meta":{"footnotes":""},"categories":[3],"tags":[],"class_list":["post-14840","post","type-post","status-publish","format-standard","has-post-thumbnail","hentry","category-harsewinkel"],"_links":{"self":[{"href":"https:\/\/www.marktplatz-hsw.de\/index.php\/wp-json\/wp\/v2\/posts\/14840","targetHints":{"allow":["GET"]}}],"collection":[{"href":"https:\/\/www.marktplatz-hsw.de\/index.php\/wp-json\/wp\/v2\/posts"}],"about":[{"href":"https:\/\/www.marktplatz-hsw.de\/index.php\/wp-json\/wp\/v2\/types\/post"}],"author":[{"embeddable":true,"href":"https:\/\/www.marktplatz-hsw.de\/index.php\/wp-json\/wp\/v2\/users\/1"}],"replies":[{"embeddable":true,"href":"https:\/\/www.marktplatz-hsw.de\/index.php\/wp-json\/wp\/v2\/comments?post=14840"}],"version-history":[{"count":1,"href":"https:\/\/www.marktplatz-hsw.de\/index.php\/wp-json\/wp\/v2\/posts\/14840\/revisions"}],"predecessor-version":[{"id":14842,"href":"https:\/\/www.marktplatz-hsw.de\/index.php\/wp-json\/wp\/v2\/posts\/14840\/revisions\/14842"}],"wp:featuredmedia":[{"embeddable":true,"href":"https:\/\/www.marktplatz-hsw.de\/index.php\/wp-json\/wp\/v2\/media\/14841"}],"wp:attachment":[{"href":"https:\/\/www.marktplatz-hsw.de\/index.php\/wp-json\/wp\/v2\/media?parent=14840"}],"wp:term":[{"taxonomy":"category","embeddable":true,"href":"https:\/\/www.marktplatz-hsw.de\/index.php\/wp-json\/wp\/v2\/categories?post=14840"},{"taxonomy":"post_tag","embeddable":true,"href":"https:\/\/www.marktplatz-hsw.de\/index.php\/wp-json\/wp\/v2\/tags?post=14840"}],"curies":[{"name":"wp","href":"https:\/\/api.w.org\/{rel}","templated":true}]}}