{"id":14855,"date":"2026-09-01T05:53:22","date_gmt":"2026-09-01T03:53:22","guid":{"rendered":"https:\/\/www.marktplatz-hsw.de\/?p=14855"},"modified":"2026-09-01T14:43:28","modified_gmt":"2026-09-01T12:43:28","slug":"heimatkundliche-wanderung-bsv-harsewinkel-laedt-am-26-september-zum-traditionellen-schnatgang-ein","status":"publish","type":"post","link":"https:\/\/www.marktplatz-hsw.de\/index.php\/2026\/09\/01\/heimatkundliche-wanderung-bsv-harsewinkel-laedt-am-26-september-zum-traditionellen-schnatgang-ein\/","title":{"rendered":"Heimatkundliche Wanderung: BSV Harsewinkel l\u00e4dt am 26. September zum traditionellen Schnatgang ein"},"content":{"rendered":"<p class=\"isSelectedEnd\">Wie hat sich Harsewinkel in den vergangenen Jahren ver\u00e4ndert und wo entstehen neue Wohn- und Lebensr\u00e4ume? Diesen Fragen k\u00f6nnen Interessierte bei der diesj\u00e4hrigen <strong>heimatkundlichen Wanderung des BSV Harsewinkel<\/strong> auf den Grund gehen. Der traditionelle Schnatgang findet wie gewohnt am letzten Samstag im September statt, in diesem Jahr am <strong>Samstag, 26. September 2026<\/strong>.<\/p>\n<p class=\"isSelectedEnd\">Unter dem Motto <strong>\u201eHarsewinkels neue Quartiere\u201c<\/strong> f\u00fchrt die rund sechs Kilometer lange Wanderung durch verschiedene Bereiche der Stadt. Treffpunkt ist um <strong>14 Uhr bei Berheide und Kozlik an der Brockh\u00e4ger Stra\u00dfe 87<\/strong>. Von dort geht es durch das Gebiet <strong>\u201ev\u00f6rnste Brink\u201c<\/strong>, weiter \u00fcber den <strong>\u201eMiddeln\u201c<\/strong> und durch den <strong>\u201eVechtel\u201c<\/strong> bis zum <strong>\u201eR\u00f6wekamp\u201c<\/strong>.<\/p>\n<p class=\"isSelectedEnd\">Dabei soll nicht nur gewandert werden: Der Schnatgang bietet Gelegenheit, die Entwicklung der Stadt aus heimatkundlicher Perspektive kennenzulernen und miteinander ins Gespr\u00e4ch zu kommen. Gerade der Blick auf neue Quartiere macht deutlich, wie sich Harsewinkel ver\u00e4ndert und weiterentwickelt.<\/p>\n<p class=\"isSelectedEnd\">Zum Abschluss f\u00fchrt die Strecke in diesem Jahr zur <strong>Astrid-Lindgren-Schule<\/strong>, wo die Wanderung gem\u00fctlich ausklingen soll.<\/p>\n<p class=\"isSelectedEnd\">Da es sich bei der Wanderung <strong>nicht um einen Rundkurs<\/strong> handelt, sollten Teilnehmerinnen und Teilnehmer dies bei ihrer Anreise ber\u00fccksichtigen. Es empfiehlt sich, sich zum Startpunkt bringen zu lassen oder zu Fu\u00df zum Treffpunkt zu kommen.<\/p>\n<p class=\"isSelectedEnd\">Alle interessierten B\u00fcrgerinnen und B\u00fcrger sind herzlich eingeladen, an der heimatkundlichen Wanderung teilzunehmen. <strong>Eine Anmeldung ist nicht erforderlich.<\/strong><\/p>\n<p>Weitere Informationen gibt es beim Ortsheimatpfleger <strong>Thomas Wittenbrink<\/strong> per E-Mail unter <a href=\"mailto:ortsheimatpflegerhsw@t-online.de\"><strong>ortsheimatpflegerhsw@t-online.de<\/strong><\/a> oder telefonisch unter <strong>0151 50561924<\/strong>.<\/p>\n","protected":false},"excerpt":{"rendered":"<div class=\"mh-excerpt\"><p>Wie hat sich Harsewinkel in den vergangenen Jahren ver\u00e4ndert und wo entstehen neue Wohn- und Lebensr\u00e4ume? Diesen Fragen k\u00f6nnen Interessierte bei der diesj\u00e4hrigen heimatkundlichen Wanderung des BSV Harsewinkel auf den Grund gehen. Der traditionelle Schnatgang findet wie gewohnt am letzten Samstag im September statt, in diesem Jahr am Samstag, 26. September 2026. Unter dem Motto <a class=\"mh-excerpt-more\" href=\"https:\/\/www.marktplatz-hsw.de\/index.php\/2026\/09\/01\/heimatkundliche-wanderung-bsv-harsewinkel-laedt-am-26-september-zum-traditionellen-schnatgang-ein\/\" title=\"Heimatkundliche Wanderung: BSV Harsewinkel l\u00e4dt am 26. September zum traditionellen Schnatgang ein\">[&#8230;]<\/a><\/p>\n<\/div>","protected":false},"author":1,"featured_media":14868,"comment_status":"closed","ping_status":"closed","sticky":false,"template":"","format":"standard","meta":{"footnotes":""},"categories":[3],"tags":[],"class_list":["post-14855","post","type-post","status-publish","format-standard","has-post-thumbnail","hentry","category-harsewinkel"],"_links":{"self":[{"href":"https:\/\/www.marktplatz-hsw.de\/index.php\/wp-json\/wp\/v2\/posts\/14855","targetHints":{"allow":["GET"]}}],"collection":[{"href":"https:\/\/www.marktplatz-hsw.de\/index.php\/wp-json\/wp\/v2\/posts"}],"about":[{"href":"https:\/\/www.marktplatz-hsw.de\/index.php\/wp-json\/wp\/v2\/types\/post"}],"author":[{"embeddable":true,"href":"https:\/\/www.marktplatz-hsw.de\/index.php\/wp-json\/wp\/v2\/users\/1"}],"replies":[{"embeddable":true,"href":"https:\/\/www.marktplatz-hsw.de\/index.php\/wp-json\/wp\/v2\/comments?post=14855"}],"version-history":[{"count":1,"href":"https:\/\/www.marktplatz-hsw.de\/index.php\/wp-json\/wp\/v2\/posts\/14855\/revisions"}],"predecessor-version":[{"id":14856,"href":"https:\/\/www.marktplatz-hsw.de\/index.php\/wp-json\/wp\/v2\/posts\/14855\/revisions\/14856"}],"wp:featuredmedia":[{"embeddable":true,"href":"https:\/\/www.marktplatz-hsw.de\/index.php\/wp-json\/wp\/v2\/media\/14868"}],"wp:attachment":[{"href":"https:\/\/www.marktplatz-hsw.de\/index.php\/wp-json\/wp\/v2\/media?parent=14855"}],"wp:term":[{"taxonomy":"category","embeddable":true,"href":"https:\/\/www.marktplatz-hsw.de\/index.php\/wp-json\/wp\/v2\/categories?post=14855"},{"taxonomy":"post_tag","embeddable":true,"href":"https:\/\/www.marktplatz-hsw.de\/index.php\/wp-json\/wp\/v2\/tags?post=14855"}],"curies":[{"name":"wp","href":"https:\/\/api.w.org\/{rel}","templated":true}]}}