{"id":14865,"date":"2026-09-01T11:50:28","date_gmt":"2026-09-01T09:50:28","guid":{"rendered":"https:\/\/www.marktplatz-hsw.de\/?p=14865"},"modified":"2026-09-01T11:50:28","modified_gmt":"2026-09-01T09:50:28","slug":"ausbildungsbeginn-30-neue-azubis-starten-beim-kreis-guetersloh","status":"publish","type":"post","link":"https:\/\/www.marktplatz-hsw.de\/index.php\/2026\/09\/01\/ausbildungsbeginn-30-neue-azubis-starten-beim-kreis-guetersloh\/","title":{"rendered":"Ausbildungsbeginn: 30 neue Azubis starten beim Kreis G\u00fctersloh"},"content":{"rendered":"<p>30 junge Menschen beginnen in diesem Jahr ihre Ausbildung beim Kreis G\u00fctersloh. Mit den heutigen Einf\u00fchrungstagen starten sie in ihren neuen beruflichen Lebensabschnitt. Organisiert wird das Programm vom Ausbildungs-Team Sarah Hahne, Selina Niermann und Mariane Disterhoft. Landr\u00e4tin Ina Lauk\u00f6tter hie\u00df die neuen Auszubildenden im Kreishaus willkommen.<\/p>\n<p>In den kommenden Tagen erwartet die Nachwuchskr\u00e4fte ein abwechslungsreiches Programm: Neben verschiedenen Vortr\u00e4gen stehen Kennenlernspiele, Rundg\u00e4nge durch das Kreishaus sowie Besuche beim Bauhof und im Rettungsdienstzentrum in Schlo\u00df Holte-Stukenbrock auf dem Programm.<\/p>\n<p>In diesem Jahr stellt der Kreis Auszubildende in acht Ausbildungsberufen ein: F\u00fcnf Bachelor of Laws, f\u00fcnf Verwaltungswirte, ein Vermessungstechniker, ein Stra\u00dfenw\u00e4rter, eine Volont\u00e4rin in der Presse- und \u00d6ffentlichkeitsarbeit, ein Bachelor of Arts Verwaltungsinformatik, ein Bachelor of Arts Soziale Arbeit und 15 Notfallsanit\u00e4terinnen und -sanit\u00e4ter.<\/p>\n<p><img loading=\"lazy\" decoding=\"async\" class=\"alignnone size-full wp-image-14866\" src=\"https:\/\/www.marktplatz-hsw.de\/wp-content\/uploads\/2026\/09\/2026_09_01_Azubis-2026-Kopie.jpg\" alt=\"\" width=\"1000\" height=\"490\" srcset=\"https:\/\/www.marktplatz-hsw.de\/wp-content\/uploads\/2026\/09\/2026_09_01_Azubis-2026-Kopie.jpg 1000w, https:\/\/www.marktplatz-hsw.de\/wp-content\/uploads\/2026\/09\/2026_09_01_Azubis-2026-Kopie-300x147.jpg 300w, https:\/\/www.marktplatz-hsw.de\/wp-content\/uploads\/2026\/09\/2026_09_01_Azubis-2026-Kopie-768x376.jpg 768w\" sizes=\"auto, (max-width: 1000px) 100vw, 1000px\" \/><br \/>\nLandr\u00e4tin Ina Lauk\u00f6tter (vorne rechts), Mariane Disterhoft (hinten rechts), Selina Niermann und Sarah Hahne (beide links, 2. und 1. Reihe) von der Abteilung Personal und Organisation begr\u00fc\u00dften heute die neuen Azubis. Als Begr\u00fc\u00dfungsgeschenk gab es eine kleine Schult\u00fcte.<br \/>\nFoto: Kreis G\u00fctersloh<\/p>\n","protected":false},"excerpt":{"rendered":"<div class=\"mh-excerpt\"><p>30 junge Menschen beginnen in diesem Jahr ihre Ausbildung beim Kreis G\u00fctersloh. Mit den heutigen Einf\u00fchrungstagen starten sie in ihren neuen beruflichen Lebensabschnitt. Organisiert wird das Programm vom Ausbildungs-Team Sarah Hahne, Selina Niermann und Mariane Disterhoft. Landr\u00e4tin Ina Lauk\u00f6tter hie\u00df die neuen Auszubildenden im Kreishaus willkommen. In den kommenden Tagen erwartet die Nachwuchskr\u00e4fte ein abwechslungsreiches <a class=\"mh-excerpt-more\" href=\"https:\/\/www.marktplatz-hsw.de\/index.php\/2026\/09\/01\/ausbildungsbeginn-30-neue-azubis-starten-beim-kreis-guetersloh\/\" title=\"Ausbildungsbeginn: 30 neue Azubis starten beim Kreis G\u00fctersloh\">[&#8230;]<\/a><\/p>\n<\/div>","protected":false},"author":1,"featured_media":14866,"comment_status":"closed","ping_status":"closed","sticky":false,"template":"","format":"standard","meta":{"footnotes":""},"categories":[9],"tags":[],"class_list":["post-14865","post","type-post","status-publish","format-standard","has-post-thumbnail","hentry","category-guetersloh"],"_links":{"self":[{"href":"https:\/\/www.marktplatz-hsw.de\/index.php\/wp-json\/wp\/v2\/posts\/14865","targetHints":{"allow":["GET"]}}],"collection":[{"href":"https:\/\/www.marktplatz-hsw.de\/index.php\/wp-json\/wp\/v2\/posts"}],"about":[{"href":"https:\/\/www.marktplatz-hsw.de\/index.php\/wp-json\/wp\/v2\/types\/post"}],"author":[{"embeddable":true,"href":"https:\/\/www.marktplatz-hsw.de\/index.php\/wp-json\/wp\/v2\/users\/1"}],"replies":[{"embeddable":true,"href":"https:\/\/www.marktplatz-hsw.de\/index.php\/wp-json\/wp\/v2\/comments?post=14865"}],"version-history":[{"count":1,"href":"https:\/\/www.marktplatz-hsw.de\/index.php\/wp-json\/wp\/v2\/posts\/14865\/revisions"}],"predecessor-version":[{"id":14867,"href":"https:\/\/www.marktplatz-hsw.de\/index.php\/wp-json\/wp\/v2\/posts\/14865\/revisions\/14867"}],"wp:featuredmedia":[{"embeddable":true,"href":"https:\/\/www.marktplatz-hsw.de\/index.php\/wp-json\/wp\/v2\/media\/14866"}],"wp:attachment":[{"href":"https:\/\/www.marktplatz-hsw.de\/index.php\/wp-json\/wp\/v2\/media?parent=14865"}],"wp:term":[{"taxonomy":"category","embeddable":true,"href":"https:\/\/www.marktplatz-hsw.de\/index.php\/wp-json\/wp\/v2\/categories?post=14865"},{"taxonomy":"post_tag","embeddable":true,"href":"https:\/\/www.marktplatz-hsw.de\/index.php\/wp-json\/wp\/v2\/tags?post=14865"}],"curies":[{"name":"wp","href":"https:\/\/api.w.org\/{rel}","templated":true}]}}