{"id":14871,"date":"2026-09-02T16:27:12","date_gmt":"2026-09-02T14:27:12","guid":{"rendered":"https:\/\/www.marktplatz-hsw.de\/?p=14871"},"modified":"2026-09-02T16:27:12","modified_gmt":"2026-09-02T14:27:12","slug":"ausbildungsstart-bei-der-sparkasse-elf-nachwuchskraefte-starten-ins-berufsleben","status":"publish","type":"post","link":"https:\/\/www.marktplatz-hsw.de\/index.php\/2026\/09\/02\/ausbildungsstart-bei-der-sparkasse-elf-nachwuchskraefte-starten-ins-berufsleben\/","title":{"rendered":"Ausbildungsstart bei der Sparkasse: Elf Nachwuchskr\u00e4fte starten ins Berufsleben"},"content":{"rendered":"<p><strong>Elf junge Menschen sind zum 1. September bei der Sparkasse G\u00fctersloh-Rietberg-Versmold ins Berufsleben gestartet. Gemeinsam mit Ausbildungsleiterin Chantal Dittrich begr\u00fc\u00dfte Vorstandsvorsitzender Kay Klingsieck die neuen Kolleginnen und Kollegen und hie\u00df sie im Team der Sparkasse willkommen. F\u00fcr Klingsieck war die Begr\u00fc\u00dfung auch mit pers\u00f6nlichen Erinnerungen verbunden: \u201eIch wei\u00df noch sehr genau, wie aufregend die ersten Tage einer Ausbildung sind. Vor 26 Jahren war ich selbst in einer ganz \u00e4hnlichen Situation.\u201c Den Nachwuchskr\u00e4ften gab er deshalb vor allem eines mit auf den Weg: \u201eSeien Sie offen, neugierig und mutig. Bringen Sie Ihre Ideen ein, stellen Sie Fragen und nutzen Sie Ihren noch unvoreingenommenen Blick auf viele Dinge. Genau davon k\u00f6nnen auch wir als Sparkasse profitieren.\u201c<\/strong><\/p>\n<p><strong>Gemeinsam ankommen und die Sparkasse kennenlernen<\/strong><\/p>\n<p>Bevor es in die ersten praktischen Eins\u00e4tze geht, steht f\u00fcr die neuen Auszubildenden zun\u00e4chst eine gemeinsame Einf\u00fchrungswoche auf dem Programm. Dabei lernen sie nicht nur die Sparkasse, ihre Ausbilderinnen und Ausbilder und wichtige Grundlagen des Bankgesch\u00e4fts kennen. Vor allem geht es auch darum, als Ausbildungsjahrgang zusammenzufinden, erste Kontakte zu kn\u00fcpfen und gut im neuen beruflichen Alltag anzukommen. \u201eGerade die ersten Tage sind etwas Besonderes. Deshalb nehmen wir uns in der Einf\u00fchrungswoche bewusst Zeit, damit unsere neuen Auszubildenden die Sparkasse kennenlernen, als Gruppe zusammenfinden und gut bei uns ankommen\u201c, sagt Ausbildungsleiterin Chantal Dittrich. \u201eDanach beginnt eine abwechslungsreiche Zeit, in der sie viele Bereiche kennenlernen, Verantwortung \u00fcbernehmen und sich fachlich wie pers\u00f6nlich weiterentwickeln k\u00f6nnen.\u201c W\u00e4hrend ihrer 2,5-j\u00e4hrigen Ausbildungszeit lernen die Nachwuchskr\u00e4fte unterschiedliche Gesch\u00e4ftsstellen und Fachbereiche der Sparkasse kennen. Fachliche Qualifizierungen, Trainings und gemeinsame Projekte erg\u00e4nzen die praktische Ausbildung.<\/p>\n<p><strong>Vielseitige Perspektiven nach der Ausbildung<\/strong><\/p>\n<p>Die Sparkasse setzt dabei bewusst auf die Ausbildung des eigenen Nachwuchses. \u201eEine Bankausbildung ist nach wie vor eine hervorragende und solide Grundlage f\u00fcr den Start ins Berufsleben\u201c, betont Kay Klingsieck. \u201eGerade eine regional verwurzelte Sparkasse wie unsere zeigt, welche Qualit\u00e4t eine solche Ausbildung hat und wie vielseitig die beruflichen Perspektiven anschlie\u00dfend sein k\u00f6nnen. Wir freuen uns sehr, dass diese jungen Menschen jetzt bei uns sind \u2013 denn sie sind ein wichtiger Teil unserer Zukunft.\u201c<\/p>\n<p>Die neuen Auszubildenden sind: Kai Ahlke, Cedric Baumann, Oliwia Czech, Melinda G\u00fcg\u00f6r, Sonja Haviri, Mohammad Khalelo, Florian Lindhauer, Ljupka Miteva, Farial Shafiq, Cindy Winkler und Gizem Yilmaz.<\/p>\n<p><img loading=\"lazy\" decoding=\"async\" class=\"alignnone size-full wp-image-14872\" src=\"https:\/\/www.marktplatz-hsw.de\/wp-content\/uploads\/2026\/09\/Sparkasse_GRV_Azubistart2026-Kopie.jpg\" alt=\"\" width=\"1000\" height=\"451\" srcset=\"https:\/\/www.marktplatz-hsw.de\/wp-content\/uploads\/2026\/09\/Sparkasse_GRV_Azubistart2026-Kopie.jpg 1000w, https:\/\/www.marktplatz-hsw.de\/wp-content\/uploads\/2026\/09\/Sparkasse_GRV_Azubistart2026-Kopie-300x135.jpg 300w, https:\/\/www.marktplatz-hsw.de\/wp-content\/uploads\/2026\/09\/Sparkasse_GRV_Azubistart2026-Kopie-768x346.jpg 768w\" sizes=\"auto, (max-width: 1000px) 100vw, 1000px\" \/><\/p>\n<p>v.l. Kay Klingsieck (Vorstandsvorsitzender), Kai Ahlke, Ljupka Miteva, Mohammad Khalelo, Oliwia Czech, Sonja Haviri, Gizem Yilmaz, Melinda G\u00fcg\u00f6r, Farial Shafiq, Cedric Baumann, Cindy Winkler, Florian Lindhauer und Chantal Dittrich (Ausbildungsleiterin).<\/p>\n<p>Foto: Sparkasse G\u00fctersloh-Rietberg-Versmold<\/p>\n","protected":false},"excerpt":{"rendered":"<div class=\"mh-excerpt\"><p>Elf junge Menschen sind zum 1. September bei der Sparkasse G\u00fctersloh-Rietberg-Versmold ins Berufsleben gestartet. Gemeinsam mit Ausbildungsleiterin Chantal Dittrich begr\u00fc\u00dfte Vorstandsvorsitzender Kay Klingsieck die neuen Kolleginnen und Kollegen und hie\u00df sie im Team der Sparkasse willkommen. F\u00fcr Klingsieck war die Begr\u00fc\u00dfung auch mit pers\u00f6nlichen Erinnerungen verbunden: \u201eIch wei\u00df noch sehr genau, wie aufregend die ersten <a class=\"mh-excerpt-more\" href=\"https:\/\/www.marktplatz-hsw.de\/index.php\/2026\/09\/02\/ausbildungsstart-bei-der-sparkasse-elf-nachwuchskraefte-starten-ins-berufsleben\/\" title=\"Ausbildungsstart bei der Sparkasse: Elf Nachwuchskr\u00e4fte starten ins Berufsleben\">[&#8230;]<\/a><\/p>\n<\/div>","protected":false},"author":1,"featured_media":14872,"comment_status":"closed","ping_status":"closed","sticky":false,"template":"","format":"standard","meta":{"footnotes":""},"categories":[9],"tags":[],"class_list":["post-14871","post","type-post","status-publish","format-standard","has-post-thumbnail","hentry","category-guetersloh"],"_links":{"self":[{"href":"https:\/\/www.marktplatz-hsw.de\/index.php\/wp-json\/wp\/v2\/posts\/14871","targetHints":{"allow":["GET"]}}],"collection":[{"href":"https:\/\/www.marktplatz-hsw.de\/index.php\/wp-json\/wp\/v2\/posts"}],"about":[{"href":"https:\/\/www.marktplatz-hsw.de\/index.php\/wp-json\/wp\/v2\/types\/post"}],"author":[{"embeddable":true,"href":"https:\/\/www.marktplatz-hsw.de\/index.php\/wp-json\/wp\/v2\/users\/1"}],"replies":[{"embeddable":true,"href":"https:\/\/www.marktplatz-hsw.de\/index.php\/wp-json\/wp\/v2\/comments?post=14871"}],"version-history":[{"count":1,"href":"https:\/\/www.marktplatz-hsw.de\/index.php\/wp-json\/wp\/v2\/posts\/14871\/revisions"}],"predecessor-version":[{"id":14873,"href":"https:\/\/www.marktplatz-hsw.de\/index.php\/wp-json\/wp\/v2\/posts\/14871\/revisions\/14873"}],"wp:featuredmedia":[{"embeddable":true,"href":"https:\/\/www.marktplatz-hsw.de\/index.php\/wp-json\/wp\/v2\/media\/14872"}],"wp:attachment":[{"href":"https:\/\/www.marktplatz-hsw.de\/index.php\/wp-json\/wp\/v2\/media?parent=14871"}],"wp:term":[{"taxonomy":"category","embeddable":true,"href":"https:\/\/www.marktplatz-hsw.de\/index.php\/wp-json\/wp\/v2\/categories?post=14871"},{"taxonomy":"post_tag","embeddable":true,"href":"https:\/\/www.marktplatz-hsw.de\/index.php\/wp-json\/wp\/v2\/tags?post=14871"}],"curies":[{"name":"wp","href":"https:\/\/api.w.org\/{rel}","templated":true}]}}