{"id":1714,"date":"2021-09-15T15:33:07","date_gmt":"2021-09-15T13:33:07","guid":{"rendered":"https:\/\/www.marktplatz-hsw.de\/?p=1714"},"modified":"2021-09-15T15:33:07","modified_gmt":"2021-09-15T13:33:07","slug":"hierwirdgeimpft-impfzentrum-ist-noch-bis-ende-september-geoeffnet","status":"publish","type":"post","link":"https:\/\/www.marktplatz-hsw.de\/index.php\/2021\/09\/15\/hierwirdgeimpft-impfzentrum-ist-noch-bis-ende-september-geoeffnet\/","title":{"rendered":"#HierWirdGeimpft  &#8211;  Impfzentrum ist noch bis Ende September ge\u00f6ffnet"},"content":{"rendered":"<p><strong>G\u00fctersloh.<\/strong> In knapp drei Wochen, am 30. September, wird an der Marienfelder Stra\u00dfe der letzte Pieks gesetzt. Danach schlie\u00dfen sich die T\u00fcren des Impfzentrums Kreis G\u00fctersloh. Bis dahin ist das Impf-Team weiterhin im Einsatz und bietet allen impfberechtigten B\u00fcrgerinnen und B\u00fcrgern ein spontanes sowie auch mobiles Impfangebot.<\/p>\n<p>Mittwochs bis sonntags k\u00f6nnen sich Impfwillige ab 16 Jahren zwischen 14 und 20 Uhr ihre Coronaschutzimpfung im Impfzentrum geben lassen. Ein Termin ist daf\u00fcr nicht erforderlich, die Impflinge k\u00f6nnen einfach spontan vorbeikommen. Einzige Voraussetzung: Sie m\u00fcssen ein Ausweisdokument vorzeigen. Wer dran denkt, sollte auch die elektronische Gesundheitskarte sowie den Impfpass mitbringen. Dies ist aber nicht zwingend erforderlich. Zum Einsatz kommen die Impfstoffe von BioNTech\/Pfizer, Moderna und Johnson &amp; Johnson. Letzterer wird nicht an Frauen unter 40 Jahren verimpft.<\/p>\n<p>\u00dcbrigens: Auch Schwangere ab dem zweiten Schwangerschaftsdrittel sowie stillende M\u00fctter k\u00f6nnen im Impfzentrum ihre Coronaschutzimpfung mit einem mRNA-Impfstoff erhalten. Dies hat das Land NRW als Reaktion auf die entsprechende Empfehlung der St\u00e4ndigen Impfkommission (STIKO) per Erlass festgelegt.<\/p>\n<p>Kinder und Jugendliche zwischen 12 und 15 Jahren k\u00f6nnen ebenfalls spontan freitags bis sonntags w\u00e4hrend der \u00d6ffnungszeiten mit mindestens einem Erziehungsberechtigten vorbeikommen. Sie erhalten den Impfstoff von BioNTech\/Pfizer.<\/p>\n<p>Zus\u00e4tzlich zu dem station\u00e4ren Impfangebot an der Marienfelder Stra\u00dfe ist auch der Impfbus weiterhin im gesamten Kreisgebiet unterwegs. Am gestrigen Dienstag hat er am Jahnstadion bei dem Fu\u00dfballspiel des SC Wiedenbr\u00fcck gegen die U23 von Borussia M\u00f6nchengladbach Halt gemacht. 89 Impfwillige nutzten das Angebot. Am heutigen Mittwoch, 15. September, steht der Impfbus bis 16 Uhr an der Volkshochschule an der Hohenzollernstra\u00dfe 43 in G\u00fctersloh. Am morgigen Donnerstag ist das Impf-Team am Parkplatz \u201aAuf der Schanze\u2018 in Rheda-Wiedenbr\u00fcck von 15 bis 19 Uhr im Einsatz. Alle weiteren Stationen finden Interessierte auf der Internetseite des Kreises unter <a href=\"http:\/\/www.kreis-guetersloh.de\/impfzentrum\">www.kreis-guetersloh.de\/impfzentrum<\/a>.<\/p>\n","protected":false},"excerpt":{"rendered":"<div class=\"mh-excerpt\"><p>G\u00fctersloh. In knapp drei Wochen, am 30. September, wird an der Marienfelder Stra\u00dfe der letzte Pieks gesetzt. Danach schlie\u00dfen sich die T\u00fcren des Impfzentrums Kreis G\u00fctersloh. Bis dahin ist das Impf-Team weiterhin im Einsatz und bietet allen impfberechtigten B\u00fcrgerinnen und B\u00fcrgern ein spontanes sowie auch mobiles Impfangebot. Mittwochs bis sonntags k\u00f6nnen sich Impfwillige ab 16 <a class=\"mh-excerpt-more\" href=\"https:\/\/www.marktplatz-hsw.de\/index.php\/2021\/09\/15\/hierwirdgeimpft-impfzentrum-ist-noch-bis-ende-september-geoeffnet\/\" title=\"#HierWirdGeimpft  &#8211;  Impfzentrum ist noch bis Ende September ge\u00f6ffnet\">[&#8230;]<\/a><\/p>\n<\/div>","protected":false},"author":1,"featured_media":1283,"comment_status":"closed","ping_status":"open","sticky":false,"template":"","format":"standard","meta":{"footnotes":""},"categories":[8],"tags":[],"class_list":["post-1714","post","type-post","status-publish","format-standard","has-post-thumbnail","hentry","category-kreis-gt"],"_links":{"self":[{"href":"https:\/\/www.marktplatz-hsw.de\/index.php\/wp-json\/wp\/v2\/posts\/1714","targetHints":{"allow":["GET"]}}],"collection":[{"href":"https:\/\/www.marktplatz-hsw.de\/index.php\/wp-json\/wp\/v2\/posts"}],"about":[{"href":"https:\/\/www.marktplatz-hsw.de\/index.php\/wp-json\/wp\/v2\/types\/post"}],"author":[{"embeddable":true,"href":"https:\/\/www.marktplatz-hsw.de\/index.php\/wp-json\/wp\/v2\/users\/1"}],"replies":[{"embeddable":true,"href":"https:\/\/www.marktplatz-hsw.de\/index.php\/wp-json\/wp\/v2\/comments?post=1714"}],"version-history":[{"count":1,"href":"https:\/\/www.marktplatz-hsw.de\/index.php\/wp-json\/wp\/v2\/posts\/1714\/revisions"}],"predecessor-version":[{"id":1715,"href":"https:\/\/www.marktplatz-hsw.de\/index.php\/wp-json\/wp\/v2\/posts\/1714\/revisions\/1715"}],"wp:featuredmedia":[{"embeddable":true,"href":"https:\/\/www.marktplatz-hsw.de\/index.php\/wp-json\/wp\/v2\/media\/1283"}],"wp:attachment":[{"href":"https:\/\/www.marktplatz-hsw.de\/index.php\/wp-json\/wp\/v2\/media?parent=1714"}],"wp:term":[{"taxonomy":"category","embeddable":true,"href":"https:\/\/www.marktplatz-hsw.de\/index.php\/wp-json\/wp\/v2\/categories?post=1714"},{"taxonomy":"post_tag","embeddable":true,"href":"https:\/\/www.marktplatz-hsw.de\/index.php\/wp-json\/wp\/v2\/tags?post=1714"}],"curies":[{"name":"wp","href":"https:\/\/api.w.org\/{rel}","templated":true}]}}