{"id":4109,"date":"2022-10-06T11:27:13","date_gmt":"2022-10-06T09:27:13","guid":{"rendered":"https:\/\/www.marktplatz-hsw.de\/?p=4109"},"modified":"2022-10-06T11:27:13","modified_gmt":"2022-10-06T09:27:13","slug":"quereinstieg-qualifizierung-berufsalltag-rund-60-besucher-informierten-sich-im-kreishaus-guetersloh-zum-einstieg-in-die-pflege","status":"publish","type":"post","link":"https:\/\/www.marktplatz-hsw.de\/index.php\/2022\/10\/06\/quereinstieg-qualifizierung-berufsalltag-rund-60-besucher-informierten-sich-im-kreishaus-guetersloh-zum-einstieg-in-die-pflege\/","title":{"rendered":"Quereinstieg, Qualifizierung, Berufsalltag: Rund 60 Besucher informierten sich im Kreishaus G\u00fctersloh zum Einstieg in die Pflege"},"content":{"rendered":"<div><strong>Kreis G\u00fctersloh.<\/strong> Welche Wege in die Pflegebranche gibt es? Welche Formen der Ausbildung oder Qualifizierung sind m\u00f6glich? Wie kann ein Arbeitstag aussehen? Was verdient man in der Pflege? Diese und weitere Fragen rund um den Einstieg in die Pflegebranche wurden am vergangenen Freitag im Kreishaus in G\u00fctersloh beantwortet. Mehrere Arbeitgeber, Fortbildungsanbieter, Organisationen und Institutionen informierten dort rund 60 Interessierte \u00fcber Einstieg und Alltag in der Pflege.<\/div>\n<div>Die Veranstaltung wurde von der pro Wirtschaft GT, dem Jobcenter Kreis G\u00fctersloh, der Agentur f\u00fcr Arbeit G\u00fctersloh, dem Kreis G\u00fctersloh\/Abteilung Soziales und der Servicestelle Gesundheit GT organisiert und durchgef\u00fchrt. \u201eIn der Pflegebranche hat sich in j\u00fcngerer Vergangenheit einiges getan\u201c, sagte Uwe Borchers von der Servicestelle Gesundheit GT. Nicht nur der Verdienst sei gestiegen, auch die Wertsch\u00e4tzung der Pflegebranche in der Gesellschaft sei weitergewachsen, so Borchers. Zudem w\u00fcrden sich laut Borchers in Zukunft zahlreiche Einstiegschancen in die Pflege bieten: \u201eIn der Pflege werden in den kommenden Jahren so viele Kolleginnen und Kollegen gesucht, wie in fast keiner anderen Branche\u201c, sagte Borchers.<\/div>\n<div>Im ersten Part der Veranstaltung konnten die Teilnehmerinnen und Teilnehmer praktischen Erfahrungen aus dem Arbeitsalltag lauschen. Im Gespr\u00e4ch mit Borchers berichteten Kerstin Ross und Stefan Rischer vom Evangelischen Johanneswerk sowie Jan-Hendrik Schoppmann vom Caritas Seniorenheim in Harsewinkel von ihren jeweiligen Wegen in den Beruf und von ihrem Alltag. \u201eIch habe schnell gemerkt, dass der Kontakt zu Menschen mir liegt und Spa\u00df macht\u201c, erz\u00e4hlte Schoppmann im Gespr\u00e4ch mit Borchers auf der B\u00fchne. \u201eDeshalb ist die Pflege f\u00fcr mich das Richtige\u201c, so Schoppmann. Kerstin Ross verschlug es \u00fcber Umwege in die Pflege. Die gelernte Industriekauffrau arbeitete zun\u00e4chst nur am Wochenende zus\u00e4tzlich im Pflegebereich. Doch auch sie entdeckte schnell ihre Leidenschaft f\u00fcr die Arbeit mit und an den Mitmenschen. \u201eIrgendwann habe ich mir gedacht: Das ist es. Das will ich machen\u201c, berichtete Ross. Sie entschied sich berufsbegleitend vier Jahre lang eine Ausbildung zur examinierten Pflegekraft zu machen und ist nun in einer Einrichtung des Evangelischen Johanneswerks t\u00e4tig.<\/div>\n<div><\/div>\n<div>Auch Einrichtungsleiter Stefan Rischer erz\u00e4hlte von seinem Weg in die Pflege, sprach \u00fcber Unterschiede der t\u00e4glichen Arbeit in der Kurzzeit- und der Langzeitpflege und \u00fcber die zahlreichen M\u00f6glichkeiten der Fortbildung und Spezialisierung innerhalb der Pflege.<\/div>\n<div>Nach dem Podiumsgespr\u00e4ch hatten die Teilnehmer die M\u00f6glichkeit selber ins Gespr\u00e4ch mit Pflegekr\u00e4ften und Fortbildungsanbietern zu kommen. An den St\u00e4nden von ZAB, Kolping, dem Evangelischen Johanneswerk, Daheim, der DAA, der DEKRA, apm, der Servicestelle Gesundheit, dem Jobcenter Kreis G\u00fctersloh und dem Deutschen Roten Kreuz konnten sie ihre individuellen Themen besprechen. So konnten Fragen zu Ausbildungszeitr\u00e4umen, Vereinbarkeit von Ausbildung und Familie, den sprachlichen Voraussetzungen, aber auch dem Umgang mit Trauer an den St\u00e4nden angesprochen werden.<\/div>\n<div>Dolmetscher unterst\u00fctzen bei Bedarf diese individuellen Gespr\u00e4che und \u00fcbersetzten ebenfalls die Inhalte der Interviews auf der B\u00fchne. Nach den Gespr\u00e4chen an den St\u00e4nden informierten verschiedene Qualifizierungsanbieter auf der B\u00fchne zu den unterschiedlichen Wegen in die Pflege, erkl\u00e4rten verschiedene Formen der Ausbildung und ihre Voraussetzungen.<\/div>\n<div>\u201eWir freuen uns, dass zahlreiche Interessierte unserer Einladung gefolgt sind und sich zu ihren Chancen und M\u00f6glichkeiten in der Pflege informieren\u201c, sagte J\u00fcrgen Blomeier, Sachgebietsleiter im Jobcenter Kreis G\u00fctersloh. Ein Gro\u00dfteil der Teilnehmenden besuchten die Veranstaltung auf Empfehlung des Jobcenters oder der Agentur f\u00fcr Arbeit.<\/div>\n<div>Die Veranstaltung fand im Rahmen der Fachkr\u00e4ftewoche OWL statt. Infos zum Einstieg in die Pflege bieten unter anderem die Fortbildungsanbieter auf ihren jeweiligen Websites.<\/p>\n<\/div>\n<div>\n<figure id=\"attachment_4110\" aria-describedby=\"caption-attachment-4110\" style=\"width: 1000px\" class=\"wp-caption alignnone\"><img loading=\"lazy\" decoding=\"async\" class=\"size-full wp-image-4110\" src=\"https:\/\/www.marktplatz-hsw.de\/wp-content\/uploads\/2022\/10\/IMG_20220930_091200-Kopie.jpg\" alt=\"\" width=\"1000\" height=\"750\" srcset=\"https:\/\/www.marktplatz-hsw.de\/wp-content\/uploads\/2022\/10\/IMG_20220930_091200-Kopie.jpg 1000w, https:\/\/www.marktplatz-hsw.de\/wp-content\/uploads\/2022\/10\/IMG_20220930_091200-Kopie-300x225.jpg 300w, https:\/\/www.marktplatz-hsw.de\/wp-content\/uploads\/2022\/10\/IMG_20220930_091200-Kopie-768x576.jpg 768w, https:\/\/www.marktplatz-hsw.de\/wp-content\/uploads\/2022\/10\/IMG_20220930_091200-Kopie-678x509.jpg 678w, https:\/\/www.marktplatz-hsw.de\/wp-content\/uploads\/2022\/10\/IMG_20220930_091200-Kopie-326x245.jpg 326w, https:\/\/www.marktplatz-hsw.de\/wp-content\/uploads\/2022\/10\/IMG_20220930_091200-Kopie-80x60.jpg 80w\" sizes=\"auto, (max-width: 1000px) 100vw, 1000px\" \/><figcaption id=\"caption-attachment-4110\" class=\"wp-caption-text\">Foto: pro Wirtschaft GT GmbH<\/figcaption><\/figure>\n<\/div>\n<div>Informierten zum Einstieg in die Pflege (v.l.): Fred Kupczyk, Jobcenter Kreis G\u00fctersloh, Barbara Winter, Kreis G\u00fctersloh, J\u00fcrgen Blomeier, Kreis G\u00fctersloh, Nikola Weber, pro Wirtschaft GT, Andreas L\u00fchmann, Regionalagentur, und Uwe Borchers, Servicestelle Gesundheit sowie ZIG OWL.<\/div>\n","protected":false},"excerpt":{"rendered":"<div class=\"mh-excerpt\"><p>Kreis G\u00fctersloh. Welche Wege in die Pflegebranche gibt es? Welche Formen der Ausbildung oder Qualifizierung sind m\u00f6glich? Wie kann ein Arbeitstag aussehen? Was verdient man in der Pflege? Diese und weitere Fragen rund um den Einstieg in die Pflegebranche wurden am vergangenen Freitag im Kreishaus in G\u00fctersloh beantwortet. Mehrere Arbeitgeber, Fortbildungsanbieter, Organisationen und Institutionen informierten <a class=\"mh-excerpt-more\" href=\"https:\/\/www.marktplatz-hsw.de\/index.php\/2022\/10\/06\/quereinstieg-qualifizierung-berufsalltag-rund-60-besucher-informierten-sich-im-kreishaus-guetersloh-zum-einstieg-in-die-pflege\/\" title=\"Quereinstieg, Qualifizierung, Berufsalltag: Rund 60 Besucher informierten sich im Kreishaus G\u00fctersloh zum Einstieg in die Pflege\">[&#8230;]<\/a><\/p>\n<\/div>","protected":false},"author":1,"featured_media":4110,"comment_status":"closed","ping_status":"closed","sticky":false,"template":"","format":"standard","meta":{"footnotes":""},"categories":[8,13],"tags":[],"class_list":["post-4109","post","type-post","status-publish","format-standard","has-post-thumbnail","hentry","category-kreis-gt","category-wirtschaft"],"_links":{"self":[{"href":"https:\/\/www.marktplatz-hsw.de\/index.php\/wp-json\/wp\/v2\/posts\/4109","targetHints":{"allow":["GET"]}}],"collection":[{"href":"https:\/\/www.marktplatz-hsw.de\/index.php\/wp-json\/wp\/v2\/posts"}],"about":[{"href":"https:\/\/www.marktplatz-hsw.de\/index.php\/wp-json\/wp\/v2\/types\/post"}],"author":[{"embeddable":true,"href":"https:\/\/www.marktplatz-hsw.de\/index.php\/wp-json\/wp\/v2\/users\/1"}],"replies":[{"embeddable":true,"href":"https:\/\/www.marktplatz-hsw.de\/index.php\/wp-json\/wp\/v2\/comments?post=4109"}],"version-history":[{"count":1,"href":"https:\/\/www.marktplatz-hsw.de\/index.php\/wp-json\/wp\/v2\/posts\/4109\/revisions"}],"predecessor-version":[{"id":4111,"href":"https:\/\/www.marktplatz-hsw.de\/index.php\/wp-json\/wp\/v2\/posts\/4109\/revisions\/4111"}],"wp:featuredmedia":[{"embeddable":true,"href":"https:\/\/www.marktplatz-hsw.de\/index.php\/wp-json\/wp\/v2\/media\/4110"}],"wp:attachment":[{"href":"https:\/\/www.marktplatz-hsw.de\/index.php\/wp-json\/wp\/v2\/media?parent=4109"}],"wp:term":[{"taxonomy":"category","embeddable":true,"href":"https:\/\/www.marktplatz-hsw.de\/index.php\/wp-json\/wp\/v2\/categories?post=4109"},{"taxonomy":"post_tag","embeddable":true,"href":"https:\/\/www.marktplatz-hsw.de\/index.php\/wp-json\/wp\/v2\/tags?post=4109"}],"curies":[{"name":"wp","href":"https:\/\/api.w.org\/{rel}","templated":true}]}}