{"id":4437,"date":"2022-11-18T15:04:35","date_gmt":"2022-11-18T14:04:35","guid":{"rendered":"https:\/\/www.marktplatz-hsw.de\/?p=4437"},"modified":"2022-11-18T15:04:35","modified_gmt":"2022-11-18T14:04:35","slug":"herbstforum-der-mit-in-verl-mittelstand-in-gefahr-wege-aus-der-energiekrise","status":"publish","type":"post","link":"https:\/\/www.marktplatz-hsw.de\/index.php\/2022\/11\/18\/herbstforum-der-mit-in-verl-mittelstand-in-gefahr-wege-aus-der-energiekrise\/","title":{"rendered":"Herbstforum der MIT in Verl: Mittelstand in Gefahr &#8211; Wege aus der Energiekrise\u00a0"},"content":{"rendered":"<p>Das diesj\u00e4hrige Herbstforum der Mittelstands- und Wirtschaftsunion Kreis G\u00fctersloh (MIT) stand im Zeichen der dramatischen Energiekrise. Als prominente Rednerin des Abends hatte MIT-Kreisvorsitzender Mathias Westerbarkei die MIT-Bundesvorsitzende und Bundestagsabgeordnete Gitta Connemann nach Verl eingeladen.<\/p>\n<p>Die Veranstaltung fand im Konferenz- und Ausstellungsbereich des national und international erfolgreichen T\u00fcren- und Fensterherstellers EGE statt. Zu Beginn stellten EGE-Gesch\u00e4ftsf\u00fchrer Dr. Markus Pauli und der Leiter Produkt- und Qualit\u00e4tsmanagement Martin Kampwirth das Unternehmen und dessen Produkte vor. 32 Prozent des Energieverbrauchs und 19 Prozent der Treibhausgasemissionen seien auf Geb\u00e4ude zur\u00fcckzuf\u00fchren, erkl\u00e4rte Dr. Markus Pauli. Darum k\u00f6nne der Bausektor durch Modernisierung und Sanierung einen wichtigen Beitrag zur Energiewende leisten. Aktuell stehe jedoch auch diese Branche aufgrund steigender Energiepreise stark unter Druck.<\/p>\n<p>Gitta Connemann sagte, dass aktuell viele mittelst\u00e4ndische Unternehmen konkret gegen die Existenzgef\u00e4hrdung ank\u00e4mpfen und sprach von der zivilisatorischen Schockwirkung, die der Krieg in Europa ausgel\u00f6st habe. \u201eWas den Unternehmen in unglaublicher Geschwindigkeit abhandengekommen ist, ist die Planungssicherheit\u201c, so die MIT-Bundesvorsitzende. \u201eDer Internationale W\u00e4hrungsfonds sagt f\u00fcr Deutschland eine Rezession voraus mit einem Wachstumseinbruch von -0,3 Prozent. In Europa liegt der Wert immer noch im Positiven bei +0,5 und weltweit bei +2,7 Prozent.\u201c Um diese Entwicklung in Deutschland abzuwenden sei es notwendig, dem Inflationstreiber Nummer eins, dem Energiemangel, die Grundlage zu entziehen. Neben dem Energiesparen sei es das wichtigste Ziel, das Energieangebot zu verbreitern. \u201eDazu m\u00fcssen alle nutzbaren Energiequellen weiterlaufen\u201c, erkl\u00e4rte Connemann. \u201eDie Atomkraftwerke d\u00fcrfen nicht abgeschaltet werden, wir brauchen alle Kohlekraftwerke, alle Kapazit\u00e4ten an Biogas und d\u00fcrfen auch nicht vor Techniken wie dem Fracking zur\u00fcckschrecken.\u201c<\/p>\n<p>Die Bundesvorsitzende betonte, dazu brauche es Technologieoffenheit, f\u00fcr die die MIT stehe. Mit Blick auf die Krise der Bauwirtschaft betonte sie, neben der Ausweitung des Energieangebots sei es auch wichtig, die Energie nicht weiter zu belasten, zum Beispiel durch Steuern. Hinzukommen m\u00fcsste das Aufrechterhalten des Leistungsgedankens durch entsprechende Anreize. Daf\u00fcr passe jedoch die Grundausrichtung der Politik der Ampelkoalition nicht. \u201eWas von der Regierung in Berlin kommt, um die Krise zu bew\u00e4ltigen, ist eine Mischung aus Ignoranz, Apathie und handwerklichen M\u00e4ngeln\u201c, so Connemann. \u201eDaf\u00fcr sind die Flei\u00dfigen, und das ist die breite Masse, zu leise. Wir d\u00fcrfen die \u00f6ffentliche Meinung nicht Radikalen \u00fcberlassen, die sich an die Stra\u00dfe kleben. Sonst gehen die \u00d6fen leise aus.\u201c<\/p>\n<p><img loading=\"lazy\" decoding=\"async\" class=\"alignnone size-full wp-image-4438\" src=\"https:\/\/www.marktplatz-hsw.de\/wp-content\/uploads\/2022\/11\/MIT-Connemann-Kopie.jpg\" alt=\"\" width=\"1000\" height=\"688\" srcset=\"https:\/\/www.marktplatz-hsw.de\/wp-content\/uploads\/2022\/11\/MIT-Connemann-Kopie.jpg 1000w, https:\/\/www.marktplatz-hsw.de\/wp-content\/uploads\/2022\/11\/MIT-Connemann-Kopie-300x206.jpg 300w, https:\/\/www.marktplatz-hsw.de\/wp-content\/uploads\/2022\/11\/MIT-Connemann-Kopie-768x528.jpg 768w\" sizes=\"auto, (max-width: 1000px) 100vw, 1000px\" \/><\/p>\n<p>Die MIT-Bundesvorsitzende im Kreise der MIT-Vorstandsmitglieder aus dem Kreis G\u00fctersloh (v.l.): Dr. Aleksandra Klofat, Dr. Marcus Liehr, Tobias L\u00fcffe-Baak, MIT-Kreisvorsitzender Mathias Westerbarkei, MIT-Bezirksvorsitzender Harald Pohlmann, MIT-Bundesvorsitzende Gitta Connemann MdB, Tim Arnold de Almeida, Dr. Martina Schwartz-Gehring und Dr. Mechthild Frentrup.<\/p>\n<p>(Foto: MIT)<\/p>\n","protected":false},"excerpt":{"rendered":"<div class=\"mh-excerpt\"><p>Das diesj\u00e4hrige Herbstforum der Mittelstands- und Wirtschaftsunion Kreis G\u00fctersloh (MIT) stand im Zeichen der dramatischen Energiekrise. Als prominente Rednerin des Abends hatte MIT-Kreisvorsitzender Mathias Westerbarkei die MIT-Bundesvorsitzende und Bundestagsabgeordnete Gitta Connemann nach Verl eingeladen. Die Veranstaltung fand im Konferenz- und Ausstellungsbereich des national und international erfolgreichen T\u00fcren- und Fensterherstellers EGE statt. Zu Beginn stellten EGE-Gesch\u00e4ftsf\u00fchrer <a class=\"mh-excerpt-more\" href=\"https:\/\/www.marktplatz-hsw.de\/index.php\/2022\/11\/18\/herbstforum-der-mit-in-verl-mittelstand-in-gefahr-wege-aus-der-energiekrise\/\" title=\"Herbstforum der MIT in Verl: Mittelstand in Gefahr &#8211; Wege aus der Energiekrise\u00a0\">[&#8230;]<\/a><\/p>\n<\/div>","protected":false},"author":1,"featured_media":4438,"comment_status":"closed","ping_status":"closed","sticky":false,"template":"","format":"standard","meta":{"footnotes":""},"categories":[8,13],"tags":[],"class_list":["post-4437","post","type-post","status-publish","format-standard","has-post-thumbnail","hentry","category-kreis-gt","category-wirtschaft"],"_links":{"self":[{"href":"https:\/\/www.marktplatz-hsw.de\/index.php\/wp-json\/wp\/v2\/posts\/4437","targetHints":{"allow":["GET"]}}],"collection":[{"href":"https:\/\/www.marktplatz-hsw.de\/index.php\/wp-json\/wp\/v2\/posts"}],"about":[{"href":"https:\/\/www.marktplatz-hsw.de\/index.php\/wp-json\/wp\/v2\/types\/post"}],"author":[{"embeddable":true,"href":"https:\/\/www.marktplatz-hsw.de\/index.php\/wp-json\/wp\/v2\/users\/1"}],"replies":[{"embeddable":true,"href":"https:\/\/www.marktplatz-hsw.de\/index.php\/wp-json\/wp\/v2\/comments?post=4437"}],"version-history":[{"count":1,"href":"https:\/\/www.marktplatz-hsw.de\/index.php\/wp-json\/wp\/v2\/posts\/4437\/revisions"}],"predecessor-version":[{"id":4439,"href":"https:\/\/www.marktplatz-hsw.de\/index.php\/wp-json\/wp\/v2\/posts\/4437\/revisions\/4439"}],"wp:featuredmedia":[{"embeddable":true,"href":"https:\/\/www.marktplatz-hsw.de\/index.php\/wp-json\/wp\/v2\/media\/4438"}],"wp:attachment":[{"href":"https:\/\/www.marktplatz-hsw.de\/index.php\/wp-json\/wp\/v2\/media?parent=4437"}],"wp:term":[{"taxonomy":"category","embeddable":true,"href":"https:\/\/www.marktplatz-hsw.de\/index.php\/wp-json\/wp\/v2\/categories?post=4437"},{"taxonomy":"post_tag","embeddable":true,"href":"https:\/\/www.marktplatz-hsw.de\/index.php\/wp-json\/wp\/v2\/tags?post=4437"}],"curies":[{"name":"wp","href":"https:\/\/api.w.org\/{rel}","templated":true}]}}