{"id":5121,"date":"2023-02-14T15:39:02","date_gmt":"2023-02-14T14:39:02","guid":{"rendered":"https:\/\/www.marktplatz-hsw.de\/?p=5121"},"modified":"2023-02-14T15:42:17","modified_gmt":"2023-02-14T14:42:17","slug":"strassensperrungen-zu-karneval-2023-in-harsewinkel","status":"publish","type":"post","link":"https:\/\/www.marktplatz-hsw.de\/index.php\/2023\/02\/14\/strassensperrungen-zu-karneval-2023-in-harsewinkel\/","title":{"rendered":"Stra\u00dfensperrungen zu Karneval 2023 in Harsewinkel"},"content":{"rendered":"<p><em>F\u00fcr die diesj\u00e4hrigen Karnevalsveranstaltungen werden die M\u00fcnsterstra\u00dfe, Kirchplatz, Alter Markt und Dr.-Pieke-Stra\u00dfe von Donnerstag, 16. Februar, 18 Uhr bis Freitag, 17. Februar, 7 Uhr sowie von Samstag, 18. Februar, 19 Uhr (Alter Markt f\u00fcr den Aufbau der B\u00fchne bereits ab 13 Uhr) bis Montag, 20. Februar, 12 Uhr gesperrt. F\u00fcr den Aufbau des Festzeltes wird der Place des Andelys \/ Rathausplatz bereits von Montag, 13. Februar, 19 Uhr bis Montag, 20. Februar,12 Uhr gesperrt.<\/em><\/p>\n<p>F\u00fcr die Aufstellung der Karnevalswagen und die Dauer des Karnevalsumzuges werden zus\u00e4tzlich am Sonntag, 19. Februar, ab 11 Uhr f\u00fcr den Westfalendamm und den Berliner Ring (im Teilst\u00fcck zwischen Brockh\u00e4ger Stra\u00dfe und Westfalendamm) und ab 11 Uhr f\u00fcr die Brockh\u00e4ger Stra\u00dfe (ab Kreisel Berliner Ring Richtung Innenstadt), August-Claas-Stra\u00dfe, Achtermannstra\u00dfe, Clarholzer Stra\u00dfe und G\u00fctersloher Stra\u00dfe (bis zur Kreuzung Kneppers G\u00e4\u00dfchen) Sperrungen eingerichtet.<\/p>\n<p>Ab 11 Uhr werden auf der Brockh\u00e4ger Stra\u00dfe (ab Kreisel Berliner Ring Richtung Innenstadt) die Ein- und Ausfahrten aller Seitenstra\u00dfen gesperrt. Die Ein- und Ausfahrt in den Eichenweg ist f\u00fcr die Anwohner dann nur \u00fcber den Tannenweg \/ Bremer Stra\u00dfe \/ Hamburger Stra\u00dfe \/ Nordstra\u00dfe \/ Im Vechtel m\u00f6glich. F\u00fcr die von der Sperrung betroffenen Anwohnerinnen und Anwohner des n\u00f6rdlichen Wohngebietes Berliner Ring ist die Ein- und Ausfahrt nur \u00fcber die Stra\u00dfe Im Vechtel m\u00f6glich. Sobald der Karnevalszug die Brockh\u00e4ger Stra\u00dfe in Richtung Innenstadt verlassen hat, werden die Sperrungen aufgehoben.<\/p>\n<p><strong>Halteverbot<\/strong><\/p>\n<p>F\u00fcr den Karnevalssonntag werden zur Freihaltung von Rettungswegen Halteverbote eingerichtet. Die Verkehrsteilnehmer werden dringend gebeten, die ausgewiesenen Halteverbote zu beachten.<\/p>\n<p><strong>Einrichtung Behindertenparkpl\u00e4tze f\u00fcr die Besucher des Karnevalsumzuges<\/strong><\/p>\n<p>F\u00fcr die Besucher des Karnevalsumzuges am Sonntag, 19. Februar, werden an der Kreuzung B513 S\u00fcdring\/M\u00fcnsterstra\u00dfe\/ M\u00fchlenwinkel am Tagungszentrum Green House der Firma Claas (ehemals Autohaus Walkenhorst) Behindertenparkpl\u00e4tze eingerichtet. Die Parkfl\u00e4chen stehen am Sonntag ab 12 Uhr zur Verf\u00fcgung.<\/p>\n<p><strong>Anfahrt der Bushaltestellen<\/strong><\/p>\n<p>Aufgrund der Stra\u00dfensperrungen k\u00f6nnen die Busse nicht wie gewohnt alle Haltestellen anfahren. Entsprechende \u00c4nderungen sind f\u00fcr die Fahrg\u00e4ste an den jeweiligen Bushaltestellen ausgeschildert.<\/p>\n<p><strong>Taxist\u00e4nde<\/strong><\/p>\n<p>W\u00e4hrend der Karnevalstage werden in der M\u00fcnsterstra\u00dfe \/ Parkstreifen P. A. Richter, Brentrups Garten \/ Parkplatz neben der B\u00fccherei, G\u00fctersloher Stra\u00dfe \/ Parkstreifen Engel-Apotheke und Hesselteicher Stra\u00dfe \/ Parkstreifen Hotel Poppenborg Taxist\u00e4nde eingerichtet.<\/p>\n","protected":false},"excerpt":{"rendered":"<div class=\"mh-excerpt\"><p>F\u00fcr die diesj\u00e4hrigen Karnevalsveranstaltungen werden die M\u00fcnsterstra\u00dfe, Kirchplatz, Alter Markt und Dr.-Pieke-Stra\u00dfe von Donnerstag, 16. Februar, 18 Uhr bis Freitag, 17. Februar, 7 Uhr sowie von Samstag, 18. Februar, 19 Uhr (Alter Markt f\u00fcr den Aufbau der B\u00fchne bereits ab 13 Uhr) bis Montag, 20. Februar, 12 Uhr gesperrt. F\u00fcr den Aufbau des Festzeltes wird <a class=\"mh-excerpt-more\" href=\"https:\/\/www.marktplatz-hsw.de\/index.php\/2023\/02\/14\/strassensperrungen-zu-karneval-2023-in-harsewinkel\/\" title=\"Stra\u00dfensperrungen zu Karneval 2023 in Harsewinkel\">[&#8230;]<\/a><\/p>\n<\/div>","protected":false},"author":1,"featured_media":5123,"comment_status":"closed","ping_status":"closed","sticky":false,"template":"","format":"standard","meta":{"footnotes":""},"categories":[3],"tags":[],"class_list":["post-5121","post","type-post","status-publish","format-standard","has-post-thumbnail","hentry","category-harsewinkel"],"_links":{"self":[{"href":"https:\/\/www.marktplatz-hsw.de\/index.php\/wp-json\/wp\/v2\/posts\/5121","targetHints":{"allow":["GET"]}}],"collection":[{"href":"https:\/\/www.marktplatz-hsw.de\/index.php\/wp-json\/wp\/v2\/posts"}],"about":[{"href":"https:\/\/www.marktplatz-hsw.de\/index.php\/wp-json\/wp\/v2\/types\/post"}],"author":[{"embeddable":true,"href":"https:\/\/www.marktplatz-hsw.de\/index.php\/wp-json\/wp\/v2\/users\/1"}],"replies":[{"embeddable":true,"href":"https:\/\/www.marktplatz-hsw.de\/index.php\/wp-json\/wp\/v2\/comments?post=5121"}],"version-history":[{"count":1,"href":"https:\/\/www.marktplatz-hsw.de\/index.php\/wp-json\/wp\/v2\/posts\/5121\/revisions"}],"predecessor-version":[{"id":5122,"href":"https:\/\/www.marktplatz-hsw.de\/index.php\/wp-json\/wp\/v2\/posts\/5121\/revisions\/5122"}],"wp:featuredmedia":[{"embeddable":true,"href":"https:\/\/www.marktplatz-hsw.de\/index.php\/wp-json\/wp\/v2\/media\/5123"}],"wp:attachment":[{"href":"https:\/\/www.marktplatz-hsw.de\/index.php\/wp-json\/wp\/v2\/media?parent=5121"}],"wp:term":[{"taxonomy":"category","embeddable":true,"href":"https:\/\/www.marktplatz-hsw.de\/index.php\/wp-json\/wp\/v2\/categories?post=5121"},{"taxonomy":"post_tag","embeddable":true,"href":"https:\/\/www.marktplatz-hsw.de\/index.php\/wp-json\/wp\/v2\/tags?post=5121"}],"curies":[{"name":"wp","href":"https:\/\/api.w.org\/{rel}","templated":true}]}}