{"id":6563,"date":"2023-10-27T12:38:42","date_gmt":"2023-10-27T10:38:42","guid":{"rendered":"https:\/\/www.marktplatz-hsw.de\/?p=6563"},"modified":"2023-10-27T12:38:42","modified_gmt":"2023-10-27T10:38:42","slug":"aktenvernichtungsaktion-am-samstag-den-11-november-2023","status":"publish","type":"post","link":"https:\/\/www.marktplatz-hsw.de\/index.php\/2023\/10\/27\/aktenvernichtungsaktion-am-samstag-den-11-november-2023\/","title":{"rendered":"Aktenvernichtungsaktion am Samstag, den 11. November 2023"},"content":{"rendered":"<p><em>Am Samstag, den 11. November 2023, bietet die Stadtverwaltung Harsewinkel mit Unterst\u00fctzung der Gesellschaft zur Entsorgung von Abf\u00e4llen im Kreis G\u00fctersloh (GEG) allen B\u00fcrgerinnen und B\u00fcrgern die M\u00f6glichkeit, auf dem Recyclinghof in Harsewinkel sensible Daten sicher zu entsorgen.<\/em><em>\u00a0<\/em><\/p>\n<p>Wohin mit alten Akten, Kontoausz\u00fcgen und sonstigen sensiblen Unterlagen, die beim Aufr\u00e4umen in Schreibtischen und auf Dachb\u00f6den zum Vorschein kommen? In diesem Jahr bietet die Stadt Harsewinkel mit Unterst\u00fctzung der GEG an, sensible Unterlagen sicher zu entsorgen.<\/p>\n<p>Hierf\u00fcr steht am Samstag, den 11. November, in der Zeit von 9 bis 11 Uhr auf dem Recyclinghof in Harsewinkel, Dr.-Brenner-Str. 10, geschultes Personal der Firma documentus aus Greffen zur Verf\u00fcgung und wird in speziellen Sicherheitsbeh\u00e4ltern alte Belege und Unterlagen erfassen. Ganze Ordner werden ebenfalls angenommen. Die Abgabe ist kostenlos, beschr\u00e4nkt sich allerdings auf haushalts\u00fcbliche Mengen. Die Stadtverwaltung Harsewinkel bittet hierf\u00fcr um Verst\u00e4ndnis.<\/p>\n<p>Weiterhin weist die Stadtverwaltung Harsewinkel darauf hin, dass der Recyclinghof zwar bereits um 8 Uhr \u00f6ffnet, das geschulte Personal aber erst ab 9 Uhr f\u00fcr zwei Stunden bis 11 Uhr zur Verf\u00fcgung steht.<\/p>\n","protected":false},"excerpt":{"rendered":"<div class=\"mh-excerpt\"><p>Am Samstag, den 11. November 2023, bietet die Stadtverwaltung Harsewinkel mit Unterst\u00fctzung der Gesellschaft zur Entsorgung von Abf\u00e4llen im Kreis G\u00fctersloh (GEG) allen B\u00fcrgerinnen und B\u00fcrgern die M\u00f6glichkeit, auf dem Recyclinghof in Harsewinkel sensible Daten sicher zu entsorgen.\u00a0 Wohin mit alten Akten, Kontoausz\u00fcgen und sonstigen sensiblen Unterlagen, die beim Aufr\u00e4umen in Schreibtischen und auf Dachb\u00f6den <a class=\"mh-excerpt-more\" href=\"https:\/\/www.marktplatz-hsw.de\/index.php\/2023\/10\/27\/aktenvernichtungsaktion-am-samstag-den-11-november-2023\/\" title=\"Aktenvernichtungsaktion am Samstag, den 11. November 2023\">[&#8230;]<\/a><\/p>\n<\/div>","protected":false},"author":1,"featured_media":5368,"comment_status":"closed","ping_status":"open","sticky":false,"template":"","format":"standard","meta":{"footnotes":""},"categories":[10],"tags":[],"class_list":["post-6563","post","type-post","status-publish","format-standard","has-post-thumbnail","hentry","category-veranstaltung"],"_links":{"self":[{"href":"https:\/\/www.marktplatz-hsw.de\/index.php\/wp-json\/wp\/v2\/posts\/6563","targetHints":{"allow":["GET"]}}],"collection":[{"href":"https:\/\/www.marktplatz-hsw.de\/index.php\/wp-json\/wp\/v2\/posts"}],"about":[{"href":"https:\/\/www.marktplatz-hsw.de\/index.php\/wp-json\/wp\/v2\/types\/post"}],"author":[{"embeddable":true,"href":"https:\/\/www.marktplatz-hsw.de\/index.php\/wp-json\/wp\/v2\/users\/1"}],"replies":[{"embeddable":true,"href":"https:\/\/www.marktplatz-hsw.de\/index.php\/wp-json\/wp\/v2\/comments?post=6563"}],"version-history":[{"count":1,"href":"https:\/\/www.marktplatz-hsw.de\/index.php\/wp-json\/wp\/v2\/posts\/6563\/revisions"}],"predecessor-version":[{"id":6564,"href":"https:\/\/www.marktplatz-hsw.de\/index.php\/wp-json\/wp\/v2\/posts\/6563\/revisions\/6564"}],"wp:featuredmedia":[{"embeddable":true,"href":"https:\/\/www.marktplatz-hsw.de\/index.php\/wp-json\/wp\/v2\/media\/5368"}],"wp:attachment":[{"href":"https:\/\/www.marktplatz-hsw.de\/index.php\/wp-json\/wp\/v2\/media?parent=6563"}],"wp:term":[{"taxonomy":"category","embeddable":true,"href":"https:\/\/www.marktplatz-hsw.de\/index.php\/wp-json\/wp\/v2\/categories?post=6563"},{"taxonomy":"post_tag","embeddable":true,"href":"https:\/\/www.marktplatz-hsw.de\/index.php\/wp-json\/wp\/v2\/tags?post=6563"}],"curies":[{"name":"wp","href":"https:\/\/api.w.org\/{rel}","templated":true}]}}