{"id":7378,"date":"2024-02-26T11:48:52","date_gmt":"2024-02-26T10:48:52","guid":{"rendered":"https:\/\/www.marktplatz-hsw.de\/?p=7378"},"modified":"2024-02-26T11:48:52","modified_gmt":"2024-02-26T10:48:52","slug":"transparenz-landrat-legt-nebentaetigkeiten-offen-2","status":"publish","type":"post","link":"https:\/\/www.marktplatz-hsw.de\/index.php\/2024\/02\/26\/transparenz-landrat-legt-nebentaetigkeiten-offen-2\/","title":{"rendered":"Transparenz: Landrat legt Nebent\u00e4tigkeiten offen"},"content":{"rendered":"<p><strong>G\u00fctersloh.<\/strong> Mit einer Vorlage f\u00fcr die Kreistagssitzung am 4. M\u00e4rz hat Landrat Sven-Georg Adenauer seine in 2023 ausge\u00fcbten Gremient\u00e4tigkeiten und Nebent\u00e4tigkeiten samt Verg\u00fctungen ver\u00f6ffentlicht.<\/p>\n<p>Die ganz \u00fcberwiegende Zahl dieser T\u00e4tigkeiten \u00fcbt er unentgeltlich aus beziehungsweise vertritt dort die Interessen des Kreises. F\u00fcr einige T\u00e4tigkeiten werden Aufwandsentsch\u00e4digungen oder Sitzungsgelder gew\u00e4hrt. Die von ihm im vergangenen Jahr erzielten und zu versteuernden Einnahmen betrugen rund 75.000 Euro brutto. Davon hat Adenauer 3.000 Euro an den Kreis abgef\u00fchrt.<\/p>\n<p>Obwohl es keine gesetzliche Regelung gibt, die eine Ver\u00f6ffentlichung der Nebent\u00e4tigkeiten und der daraus erzielten Einnahmen vorschreibt, legt er diese \u2013 wie bereits in den vergangenen Jahren \u2013 offen<\/p>\n","protected":false},"excerpt":{"rendered":"<div class=\"mh-excerpt\"><p>G\u00fctersloh. Mit einer Vorlage f\u00fcr die Kreistagssitzung am 4. M\u00e4rz hat Landrat Sven-Georg Adenauer seine in 2023 ausge\u00fcbten Gremient\u00e4tigkeiten und Nebent\u00e4tigkeiten samt Verg\u00fctungen ver\u00f6ffentlicht. Die ganz \u00fcberwiegende Zahl dieser T\u00e4tigkeiten \u00fcbt er unentgeltlich aus beziehungsweise vertritt dort die Interessen des Kreises. F\u00fcr einige T\u00e4tigkeiten werden Aufwandsentsch\u00e4digungen oder Sitzungsgelder gew\u00e4hrt. Die von ihm im vergangenen Jahr <a class=\"mh-excerpt-more\" href=\"https:\/\/www.marktplatz-hsw.de\/index.php\/2024\/02\/26\/transparenz-landrat-legt-nebentaetigkeiten-offen-2\/\" title=\"Transparenz: Landrat legt Nebent\u00e4tigkeiten offen\">[&#8230;]<\/a><\/p>\n<\/div>","protected":false},"author":1,"featured_media":2078,"comment_status":"closed","ping_status":"closed","sticky":false,"template":"","format":"standard","meta":{"footnotes":""},"categories":[8],"tags":[],"class_list":["post-7378","post","type-post","status-publish","format-standard","has-post-thumbnail","hentry","category-kreis-gt"],"_links":{"self":[{"href":"https:\/\/www.marktplatz-hsw.de\/index.php\/wp-json\/wp\/v2\/posts\/7378","targetHints":{"allow":["GET"]}}],"collection":[{"href":"https:\/\/www.marktplatz-hsw.de\/index.php\/wp-json\/wp\/v2\/posts"}],"about":[{"href":"https:\/\/www.marktplatz-hsw.de\/index.php\/wp-json\/wp\/v2\/types\/post"}],"author":[{"embeddable":true,"href":"https:\/\/www.marktplatz-hsw.de\/index.php\/wp-json\/wp\/v2\/users\/1"}],"replies":[{"embeddable":true,"href":"https:\/\/www.marktplatz-hsw.de\/index.php\/wp-json\/wp\/v2\/comments?post=7378"}],"version-history":[{"count":1,"href":"https:\/\/www.marktplatz-hsw.de\/index.php\/wp-json\/wp\/v2\/posts\/7378\/revisions"}],"predecessor-version":[{"id":7379,"href":"https:\/\/www.marktplatz-hsw.de\/index.php\/wp-json\/wp\/v2\/posts\/7378\/revisions\/7379"}],"wp:featuredmedia":[{"embeddable":true,"href":"https:\/\/www.marktplatz-hsw.de\/index.php\/wp-json\/wp\/v2\/media\/2078"}],"wp:attachment":[{"href":"https:\/\/www.marktplatz-hsw.de\/index.php\/wp-json\/wp\/v2\/media?parent=7378"}],"wp:term":[{"taxonomy":"category","embeddable":true,"href":"https:\/\/www.marktplatz-hsw.de\/index.php\/wp-json\/wp\/v2\/categories?post=7378"},{"taxonomy":"post_tag","embeddable":true,"href":"https:\/\/www.marktplatz-hsw.de\/index.php\/wp-json\/wp\/v2\/tags?post=7378"}],"curies":[{"name":"wp","href":"https:\/\/api.w.org\/{rel}","templated":true}]}}