{"id":7648,"date":"2024-03-20T12:54:08","date_gmt":"2024-03-20T11:54:08","guid":{"rendered":"https:\/\/www.marktplatz-hsw.de\/?p=7648"},"modified":"2024-03-20T12:54:08","modified_gmt":"2024-03-20T11:54:08","slug":"2-guetersloher-blues-festival-am-23-maerz-in-der-stadthalle-guetersloh","status":"publish","type":"post","link":"https:\/\/www.marktplatz-hsw.de\/index.php\/2024\/03\/20\/2-guetersloher-blues-festival-am-23-maerz-in-der-stadthalle-guetersloh\/","title":{"rendered":"2. G\u00fctersloher Blues Festival am 23. M\u00e4rz in der Stadthalle G\u00fctersloh"},"content":{"rendered":"<p>Am Samstag, 23. M\u00e4rz 2024, findet ab 19.30 Uhr das 2. G\u00fctersloher Blues Festival in der Stadthalle G\u00fctersloh statt. Unter dem Motto \u201eEurop\u00e4ischer Blues\u201c verspricht das Line-Up einen bunten, stimmungsvollen Blues-Abend mit nationalen und internationalen Gr\u00f6\u00dfen der Bluesszene. Erneut mit dabei ist der ostwestf\u00e4lische Bluesmusiker Richie Arndt mit Band, diesmal mit seinem Gast Gregor Hilden. Au\u00dferdem treten das Duo Georg Schroeter &amp; Marc Breitfelder sowie die britische Band \u201eColosseum\u201c auf. Durch den Abend f\u00fchrt der G\u00fctersloher Musiker und Journalist Uli Twelker. Eintrittskarten sind im ServiceCenter der G\u00fctersloh Marketing GmbH, online unter <a href=\"http:\/\/stadthalle-gt.de\/\">stadthalle-gt.de<\/a> und an der Abendkasse erh\u00e4ltlich.<\/p>\n<p><strong>Veranstaltungstipp:<\/strong><\/p>\n<p><strong>2. G\u00fctersloher Blues Festival<\/strong><\/p>\n<p>Samstag, 23.03.2024 | 19.30 Uhr | Stadthalle<\/p>\n<p>Infos und Karten: ServiceCenter G\u00fctersloh Marketing, (05241) 211 36 36,<\/p>\n<p>bei allen bekannten VVK-Stellen und unter <a href=\"http:\/\/www.xn--kultur-rume-gt-dib.de\/\">www.kultur-r\u00e4ume-gt.de<\/a><\/p>\n<figure id=\"attachment_7651\" aria-describedby=\"caption-attachment-7651\" style=\"width: 1000px\" class=\"wp-caption alignnone\"><img loading=\"lazy\" decoding=\"async\" class=\"size-full wp-image-7651\" src=\"https:\/\/www.marktplatz-hsw.de\/wp-content\/uploads\/2024\/03\/Richie-Arndt-Band-23-07-28-156X\u252c\u00aeManfred_Pollert.jpg\" alt=\"\" width=\"1000\" height=\"658\" srcset=\"https:\/\/www.marktplatz-hsw.de\/wp-content\/uploads\/2024\/03\/Richie-Arndt-Band-23-07-28-156X\u252c\u00aeManfred_Pollert.jpg 1000w, https:\/\/www.marktplatz-hsw.de\/wp-content\/uploads\/2024\/03\/Richie-Arndt-Band-23-07-28-156X\u252c\u00aeManfred_Pollert-300x197.jpg 300w, https:\/\/www.marktplatz-hsw.de\/wp-content\/uploads\/2024\/03\/Richie-Arndt-Band-23-07-28-156X\u252c\u00aeManfred_Pollert-768x505.jpg 768w\" sizes=\"auto, (max-width: 1000px) 100vw, 1000px\" \/><figcaption id=\"caption-attachment-7651\" class=\"wp-caption-text\">Foto: Manfred Pollert<\/figcaption><\/figure>\n<figure id=\"attachment_7650\" aria-describedby=\"caption-attachment-7650\" style=\"width: 1000px\" class=\"wp-caption alignnone\"><img loading=\"lazy\" decoding=\"async\" class=\"size-full wp-image-7650\" src=\"https:\/\/www.marktplatz-hsw.de\/wp-content\/uploads\/2024\/03\/Pressphoto_Colosseum_2021_colour_300dpi_c_REPERTOIRE.jpg\" alt=\"\" width=\"1000\" height=\"1056\" srcset=\"https:\/\/www.marktplatz-hsw.de\/wp-content\/uploads\/2024\/03\/Pressphoto_Colosseum_2021_colour_300dpi_c_REPERTOIRE.jpg 1000w, https:\/\/www.marktplatz-hsw.de\/wp-content\/uploads\/2024\/03\/Pressphoto_Colosseum_2021_colour_300dpi_c_REPERTOIRE-284x300.jpg 284w, https:\/\/www.marktplatz-hsw.de\/wp-content\/uploads\/2024\/03\/Pressphoto_Colosseum_2021_colour_300dpi_c_REPERTOIRE-970x1024.jpg 970w, https:\/\/www.marktplatz-hsw.de\/wp-content\/uploads\/2024\/03\/Pressphoto_Colosseum_2021_colour_300dpi_c_REPERTOIRE-768x811.jpg 768w\" sizes=\"auto, (max-width: 1000px) 100vw, 1000px\" \/><figcaption id=\"caption-attachment-7650\" class=\"wp-caption-text\">Foto: REPERTOIRE<\/figcaption><\/figure>\n<figure id=\"attachment_7649\" aria-describedby=\"caption-attachment-7649\" style=\"width: 1000px\" class=\"wp-caption alignnone\"><img loading=\"lazy\" decoding=\"async\" class=\"size-full wp-image-7649\" src=\"https:\/\/www.marktplatz-hsw.de\/wp-content\/uploads\/2024\/03\/Georg-Schroeter_Marc-Breitfelder_c_Sven-Zimmermann.jpg\" alt=\"\" width=\"1000\" height=\"1268\" srcset=\"https:\/\/www.marktplatz-hsw.de\/wp-content\/uploads\/2024\/03\/Georg-Schroeter_Marc-Breitfelder_c_Sven-Zimmermann.jpg 1000w, https:\/\/www.marktplatz-hsw.de\/wp-content\/uploads\/2024\/03\/Georg-Schroeter_Marc-Breitfelder_c_Sven-Zimmermann-237x300.jpg 237w, https:\/\/www.marktplatz-hsw.de\/wp-content\/uploads\/2024\/03\/Georg-Schroeter_Marc-Breitfelder_c_Sven-Zimmermann-808x1024.jpg 808w, https:\/\/www.marktplatz-hsw.de\/wp-content\/uploads\/2024\/03\/Georg-Schroeter_Marc-Breitfelder_c_Sven-Zimmermann-768x974.jpg 768w\" sizes=\"auto, (max-width: 1000px) 100vw, 1000px\" \/><figcaption id=\"caption-attachment-7649\" class=\"wp-caption-text\">Foto: Sven Zimmermann<\/figcaption><\/figure>\n","protected":false},"excerpt":{"rendered":"<div class=\"mh-excerpt\"><p>Am Samstag, 23. M\u00e4rz 2024, findet ab 19.30 Uhr das 2. G\u00fctersloher Blues Festival in der Stadthalle G\u00fctersloh statt. Unter dem Motto \u201eEurop\u00e4ischer Blues\u201c verspricht das Line-Up einen bunten, stimmungsvollen Blues-Abend mit nationalen und internationalen Gr\u00f6\u00dfen der Bluesszene. Erneut mit dabei ist der ostwestf\u00e4lische Bluesmusiker Richie Arndt mit Band, diesmal mit seinem Gast Gregor Hilden. <a class=\"mh-excerpt-more\" href=\"https:\/\/www.marktplatz-hsw.de\/index.php\/2024\/03\/20\/2-guetersloher-blues-festival-am-23-maerz-in-der-stadthalle-guetersloh\/\" title=\"2. G\u00fctersloher Blues Festival am 23. M\u00e4rz in der Stadthalle G\u00fctersloh\">[&#8230;]<\/a><\/p>\n<\/div>","protected":false},"author":1,"featured_media":7651,"comment_status":"closed","ping_status":"closed","sticky":false,"template":"","format":"standard","meta":{"footnotes":""},"categories":[9,10],"tags":[],"class_list":["post-7648","post","type-post","status-publish","format-standard","has-post-thumbnail","hentry","category-guetersloh","category-veranstaltung"],"_links":{"self":[{"href":"https:\/\/www.marktplatz-hsw.de\/index.php\/wp-json\/wp\/v2\/posts\/7648","targetHints":{"allow":["GET"]}}],"collection":[{"href":"https:\/\/www.marktplatz-hsw.de\/index.php\/wp-json\/wp\/v2\/posts"}],"about":[{"href":"https:\/\/www.marktplatz-hsw.de\/index.php\/wp-json\/wp\/v2\/types\/post"}],"author":[{"embeddable":true,"href":"https:\/\/www.marktplatz-hsw.de\/index.php\/wp-json\/wp\/v2\/users\/1"}],"replies":[{"embeddable":true,"href":"https:\/\/www.marktplatz-hsw.de\/index.php\/wp-json\/wp\/v2\/comments?post=7648"}],"version-history":[{"count":1,"href":"https:\/\/www.marktplatz-hsw.de\/index.php\/wp-json\/wp\/v2\/posts\/7648\/revisions"}],"predecessor-version":[{"id":7652,"href":"https:\/\/www.marktplatz-hsw.de\/index.php\/wp-json\/wp\/v2\/posts\/7648\/revisions\/7652"}],"wp:featuredmedia":[{"embeddable":true,"href":"https:\/\/www.marktplatz-hsw.de\/index.php\/wp-json\/wp\/v2\/media\/7651"}],"wp:attachment":[{"href":"https:\/\/www.marktplatz-hsw.de\/index.php\/wp-json\/wp\/v2\/media?parent=7648"}],"wp:term":[{"taxonomy":"category","embeddable":true,"href":"https:\/\/www.marktplatz-hsw.de\/index.php\/wp-json\/wp\/v2\/categories?post=7648"},{"taxonomy":"post_tag","embeddable":true,"href":"https:\/\/www.marktplatz-hsw.de\/index.php\/wp-json\/wp\/v2\/tags?post=7648"}],"curies":[{"name":"wp","href":"https:\/\/api.w.org\/{rel}","templated":true}]}}