{"id":7656,"date":"2024-03-20T17:15:23","date_gmt":"2024-03-20T16:15:23","guid":{"rendered":"https:\/\/www.marktplatz-hsw.de\/?p=7656"},"modified":"2024-03-20T17:15:23","modified_gmt":"2024-03-20T16:15:23","slug":"foerderung-der-ambulanten-sucht-und-drogenhilfe-vertrag-mit-caritasverband-fuer-den-kreis-guetersloh-e-v-wird-fortgesetzt","status":"publish","type":"post","link":"https:\/\/www.marktplatz-hsw.de\/index.php\/2024\/03\/20\/foerderung-der-ambulanten-sucht-und-drogenhilfe-vertrag-mit-caritasverband-fuer-den-kreis-guetersloh-e-v-wird-fortgesetzt\/","title":{"rendered":"F\u00f6rderung der ambulanten Sucht- und Drogenhilfe:  Vertrag mit Caritasverband f\u00fcr den Kreis G\u00fctersloh e.V. wird fortgesetzt"},"content":{"rendered":"<p><strong>G\u00fctersloh. <\/strong>F\u00fcr weitere sechs Jahre kooperiert der Kreis G\u00fctersloh mit dem Caritasverband f\u00fcr den Kreis G\u00fctersloh e.V. im Bereich \u201aAmbulante Sucht- und Drogenhilfe\u2018.<\/p>\n<p>Es besteht bereits eine langj\u00e4hrige Zusammenarbeit zwischen dem Kreis G\u00fctersloh und dem Caritasverband, diese wurde nun mit einem neuen Vertrag bis 2029 verl\u00e4ngert. Zun\u00e4chst standen im Bereich der ambulanten Sucht- und Drogenhilfe acht Stellen zur Verf\u00fcgung. Seit 2012 sind es zehn Stellen.<\/p>\n<p>\u201eWir freuen uns sehr, die Zusammenarbeit mit dem Caritasverband hier im Kreis G\u00fctersloh fortf\u00fchren zu k\u00f6nnen\u201c, betonte Dr. Angela Li\u00dfner, Leiterin des Dezernats Ordnung, Gesundheit und Bev\u00f6lkerungsschutz, bei der Vertragsunterzeichnung zwischen dem Kreis G\u00fctersloh und dem Caritasverband. \u201eDer Caritasverband hat langj\u00e4hrig sehr gute Arbeit im Bereich der ambulanten Sucht- und Drogenhilfe geleistet und ich bin mir sicher, dass wir auch weiterhin genau so gut zusammenarbeiten werden\u201c, so Li\u00dfner.<\/p>\n<p>&nbsp;<\/p>\n<p>Der Kreis G\u00fctersloh als Untere Gesundheitsbeh\u00f6rde ist gesetzlich dazu verpflichtet, Abh\u00e4ngigkeitskranken und deren Angeh\u00f6rigen Beratungen und Hilfsangebote zur Verf\u00fcgung zu stellen. Dies geschieht einerseits durch die Beratungsstellen des Caritasverbandes und andererseits durch die Suchtberatung des Sozialpsychiatrischen Dienstes, der zur Abteilung Gesundheit geh\u00f6rt.<\/p>\n<p>Der vorherige Vertrag mit dem Caritasverband war zum 31. Dezember 2023 ausgelaufen. In einem EU-weiten Ausschreibungsverfahren f\u00fcr die soziale Dienstleistung hat sich der Caritasverband durchgesetzt und erhielt daraufhin den Zuschlag f\u00fcr die aktuelle Vertragslaufzeit. Die Finanzierung erfolgt durch den Kreis G\u00fctersloh, kommunale Landesmittel und Eigenmittel.<\/p>\n<p><img loading=\"lazy\" decoding=\"async\" class=\"alignnone size-full wp-image-7657\" src=\"https:\/\/www.marktplatz-hsw.de\/wp-content\/uploads\/2024\/03\/2024_03_19_Vertragsunterzeichnung-Kopie.png\" alt=\"\" width=\"1000\" height=\"646\" srcset=\"https:\/\/www.marktplatz-hsw.de\/wp-content\/uploads\/2024\/03\/2024_03_19_Vertragsunterzeichnung-Kopie.png 1000w, https:\/\/www.marktplatz-hsw.de\/wp-content\/uploads\/2024\/03\/2024_03_19_Vertragsunterzeichnung-Kopie-300x194.png 300w, https:\/\/www.marktplatz-hsw.de\/wp-content\/uploads\/2024\/03\/2024_03_19_Vertragsunterzeichnung-Kopie-768x496.png 768w\" sizes=\"auto, (max-width: 1000px) 100vw, 1000px\" \/><\/p>\n<p>Der Kreis G\u00fctersloh und der Caritasverband f\u00fcr den Kreis G\u00fctersloh e.V. unterzeichneten den Vertrag f\u00fcr die weitere Zusammenarbeit im Bereich \u201aAmbulante Sucht- und Drogenhilfe\u2018. Beteiligt waren: (v.r.) Dr. Angela Li\u00dfner (Dezernentin f\u00fcr Ordnung, Gesundheit und Bev\u00f6lkerungsschutz), Volker Br\u00fcggenj\u00fcrgen (Vorstand Caritasverband Kreis G\u00fctersloh), Peter K\u00f6ching (Fachbereichsleitung Caritasverband Kreis G\u00fctersloh), Anna Hesekamp (Sucht- und Psychiatriekoordinatorin Kreis G\u00fctersloh) und Kaya Baldus (Sachgebietsleiterin Gesundheitsf\u00f6rderung und Digitalisierung Kreis G\u00fctersloh). Foto: Kreis G\u00fctersloh<\/p>\n","protected":false},"excerpt":{"rendered":"<div class=\"mh-excerpt\"><p>G\u00fctersloh. F\u00fcr weitere sechs Jahre kooperiert der Kreis G\u00fctersloh mit dem Caritasverband f\u00fcr den Kreis G\u00fctersloh e.V. im Bereich \u201aAmbulante Sucht- und Drogenhilfe\u2018. Es besteht bereits eine langj\u00e4hrige Zusammenarbeit zwischen dem Kreis G\u00fctersloh und dem Caritasverband, diese wurde nun mit einem neuen Vertrag bis 2029 verl\u00e4ngert. Zun\u00e4chst standen im Bereich der ambulanten Sucht- und Drogenhilfe <a class=\"mh-excerpt-more\" href=\"https:\/\/www.marktplatz-hsw.de\/index.php\/2024\/03\/20\/foerderung-der-ambulanten-sucht-und-drogenhilfe-vertrag-mit-caritasverband-fuer-den-kreis-guetersloh-e-v-wird-fortgesetzt\/\" title=\"F\u00f6rderung der ambulanten Sucht- und Drogenhilfe:  Vertrag mit Caritasverband f\u00fcr den Kreis G\u00fctersloh e.V. wird fortgesetzt\">[&#8230;]<\/a><\/p>\n<\/div>","protected":false},"author":1,"featured_media":7657,"comment_status":"closed","ping_status":"closed","sticky":false,"template":"","format":"standard","meta":{"footnotes":""},"categories":[8],"tags":[],"class_list":["post-7656","post","type-post","status-publish","format-standard","has-post-thumbnail","hentry","category-kreis-gt"],"_links":{"self":[{"href":"https:\/\/www.marktplatz-hsw.de\/index.php\/wp-json\/wp\/v2\/posts\/7656","targetHints":{"allow":["GET"]}}],"collection":[{"href":"https:\/\/www.marktplatz-hsw.de\/index.php\/wp-json\/wp\/v2\/posts"}],"about":[{"href":"https:\/\/www.marktplatz-hsw.de\/index.php\/wp-json\/wp\/v2\/types\/post"}],"author":[{"embeddable":true,"href":"https:\/\/www.marktplatz-hsw.de\/index.php\/wp-json\/wp\/v2\/users\/1"}],"replies":[{"embeddable":true,"href":"https:\/\/www.marktplatz-hsw.de\/index.php\/wp-json\/wp\/v2\/comments?post=7656"}],"version-history":[{"count":1,"href":"https:\/\/www.marktplatz-hsw.de\/index.php\/wp-json\/wp\/v2\/posts\/7656\/revisions"}],"predecessor-version":[{"id":7658,"href":"https:\/\/www.marktplatz-hsw.de\/index.php\/wp-json\/wp\/v2\/posts\/7656\/revisions\/7658"}],"wp:featuredmedia":[{"embeddable":true,"href":"https:\/\/www.marktplatz-hsw.de\/index.php\/wp-json\/wp\/v2\/media\/7657"}],"wp:attachment":[{"href":"https:\/\/www.marktplatz-hsw.de\/index.php\/wp-json\/wp\/v2\/media?parent=7656"}],"wp:term":[{"taxonomy":"category","embeddable":true,"href":"https:\/\/www.marktplatz-hsw.de\/index.php\/wp-json\/wp\/v2\/categories?post=7656"},{"taxonomy":"post_tag","embeddable":true,"href":"https:\/\/www.marktplatz-hsw.de\/index.php\/wp-json\/wp\/v2\/tags?post=7656"}],"curies":[{"name":"wp","href":"https:\/\/api.w.org\/{rel}","templated":true}]}}