{"id":818,"date":"2021-04-13T15:01:14","date_gmt":"2021-04-13T13:01:14","guid":{"rendered":"https:\/\/www.marktplatz-hsw.de\/?p=818"},"modified":"2021-04-13T15:01:14","modified_gmt":"2021-04-13T13:01:14","slug":"aus-sperr-wird-beobachtungsgebiet-gefluegelpest-untersuchungen-um-beelen-abgeschlossen","status":"publish","type":"post","link":"https:\/\/www.marktplatz-hsw.de\/index.php\/2021\/04\/13\/aus-sperr-wird-beobachtungsgebiet-gefluegelpest-untersuchungen-um-beelen-abgeschlossen\/","title":{"rendered":"Aus Sperr- wird Beobachtungsgebiet  \/\/  Gefl\u00fcgelpest: Untersuchungen um Beelen abgeschlossen"},"content":{"rendered":"<p><strong>G\u00fctersloh.<\/strong> Die Untersuchungen im Sperrbezirk um den Gefl\u00fcgelpestausbruch in Beelen (Kreis Warendorf) sind auf dem Gebiet des Kreises G\u00fctersloh durch die Veterin\u00e4re des Kreises abgeschlossen worden. Bei den umfangreichen Aufhebungsuntersuchungen der in dem Sperrbezirk liegenden Gefl\u00fcgelhaltungen wurden keine Hinweise f\u00fcr einen weiteren Ausbruch der Gefl\u00fcgelpest festgestellt. Damit konnte in der Nacht zu Dienstag, 13. April (0 Uhr), das Sperrgebiet aufgehoben werden. Das in einer Allgemeinverf\u00fcgung vom 23. M\u00e4rz eingerichtete Sperrgebiet ist jetzt Teil des gr\u00f6\u00dfer gefassten Beobachtungsgebiets. Nach wie vor gelten die Restriktionen f\u00fcr das Verbringen von Gefl\u00fcgel und Produkten von Gefl\u00fcgel, da das Gebiet nun zum Beobachtungsgebiet geh\u00f6rt. Die Stallpflicht gilt unabh\u00e4ngig von den Restriktionszonen f\u00fcr OWL unver\u00e4ndert weiter.<\/p>\n<p>Nachdem das Friedrich-L\u00f6ffler-Institut, das Bundesforschungsinstitut f\u00fcr Tiergesundheit auf der Ostseeinsel Riems (FLI), den Ausbruch der Influenza A vom Typ H5 als hochpathogene avi\u00e4re Influenza (H5N8) sowohl in Delbr\u00fcck im Kreis Paderborn als auch in Beelen im Kreis Warendorf best\u00e4tigt hatte, hat der Kreis G\u00fctersloh per Allgemeinverf\u00fcgung vom 23. M\u00e4rz zwei Sperrgebiete und zwei Beobachtungszonen festgelegt.<\/p>\n","protected":false},"excerpt":{"rendered":"<div class=\"mh-excerpt\"><p>G\u00fctersloh. Die Untersuchungen im Sperrbezirk um den Gefl\u00fcgelpestausbruch in Beelen (Kreis Warendorf) sind auf dem Gebiet des Kreises G\u00fctersloh durch die Veterin\u00e4re des Kreises abgeschlossen worden. Bei den umfangreichen Aufhebungsuntersuchungen der in dem Sperrbezirk liegenden Gefl\u00fcgelhaltungen wurden keine Hinweise f\u00fcr einen weiteren Ausbruch der Gefl\u00fcgelpest festgestellt. Damit konnte in der Nacht zu Dienstag, 13. April <a class=\"mh-excerpt-more\" href=\"https:\/\/www.marktplatz-hsw.de\/index.php\/2021\/04\/13\/aus-sperr-wird-beobachtungsgebiet-gefluegelpest-untersuchungen-um-beelen-abgeschlossen\/\" title=\"Aus Sperr- wird Beobachtungsgebiet  \/\/  Gefl\u00fcgelpest: Untersuchungen um Beelen abgeschlossen\">[&#8230;]<\/a><\/p>\n<\/div>","protected":false},"author":1,"featured_media":706,"comment_status":"closed","ping_status":"open","sticky":false,"template":"","format":"standard","meta":{"footnotes":""},"categories":[8],"tags":[],"class_list":["post-818","post","type-post","status-publish","format-standard","has-post-thumbnail","hentry","category-kreis-gt"],"_links":{"self":[{"href":"https:\/\/www.marktplatz-hsw.de\/index.php\/wp-json\/wp\/v2\/posts\/818","targetHints":{"allow":["GET"]}}],"collection":[{"href":"https:\/\/www.marktplatz-hsw.de\/index.php\/wp-json\/wp\/v2\/posts"}],"about":[{"href":"https:\/\/www.marktplatz-hsw.de\/index.php\/wp-json\/wp\/v2\/types\/post"}],"author":[{"embeddable":true,"href":"https:\/\/www.marktplatz-hsw.de\/index.php\/wp-json\/wp\/v2\/users\/1"}],"replies":[{"embeddable":true,"href":"https:\/\/www.marktplatz-hsw.de\/index.php\/wp-json\/wp\/v2\/comments?post=818"}],"version-history":[{"count":1,"href":"https:\/\/www.marktplatz-hsw.de\/index.php\/wp-json\/wp\/v2\/posts\/818\/revisions"}],"predecessor-version":[{"id":819,"href":"https:\/\/www.marktplatz-hsw.de\/index.php\/wp-json\/wp\/v2\/posts\/818\/revisions\/819"}],"wp:featuredmedia":[{"embeddable":true,"href":"https:\/\/www.marktplatz-hsw.de\/index.php\/wp-json\/wp\/v2\/media\/706"}],"wp:attachment":[{"href":"https:\/\/www.marktplatz-hsw.de\/index.php\/wp-json\/wp\/v2\/media?parent=818"}],"wp:term":[{"taxonomy":"category","embeddable":true,"href":"https:\/\/www.marktplatz-hsw.de\/index.php\/wp-json\/wp\/v2\/categories?post=818"},{"taxonomy":"post_tag","embeddable":true,"href":"https:\/\/www.marktplatz-hsw.de\/index.php\/wp-json\/wp\/v2\/tags?post=818"}],"curies":[{"name":"wp","href":"https:\/\/api.w.org\/{rel}","templated":true}]}}